{"id":65312,"date":"2025-12-04T09:29:11","date_gmt":"2025-12-04T09:29:11","guid":{"rendered":"https:\/\/www.europesays.com\/lv\/65312\/"},"modified":"2025-12-04T09:29:11","modified_gmt":"2025-12-04T09:29:11","slug":"es-pilsonu-vairakums-saskata-augstu-risku-ka-izceltos-kars-ar-krieviju","status":"publish","type":"post","link":"https:\/\/www.europesays.com\/lv\/65312\/","title":{"rendered":"ES pilso\u0146u vair\u0101kums saskata &#8220;augstu risku&#8221;, ka izceltos kar\u0161 ar Krieviju"},"content":{"rendered":"<p>Ba\u017eas par atkl\u0101tu karu ar Krieviju da\u017e\u0101d\u0101s valst\u012bs bija at\u0161\u0137ir\u012bgas.<\/p>\n<p>Polij\u0101, kas robe\u017eojas ar Krieviju un t\u0101s sabiedroto Baltkrieviju, 77% respondentu saskat\u012bja &#8220;augstu&#8221; vai &#8220;\u013coti augstu&#8221; \u0161\u0101da kara risku. Francij\u0101 \u0161\u0101du risku saskat\u012bja 54%, bet V\u0101cij\u0101 &#8211; 51% aptauj\u0101to.<\/p>\n<p>65% It\u0101lijas respondentu uzskat\u012bja \u0161\u0101da kara risku par &#8220;zemu&#8221; vai &#8220;neeso\u0161u&#8221;.<\/p>\n<p>81% visu aptauj\u0101to uzskat\u012bja, ka ir maza vai nek\u0101da iesp\u0113jam\u012bba, ka tuv\u0101kajos gados var\u0113tu izcelties kar\u0161 ar \u0136\u012bnu.<\/p>\n<p>Kam\u0113r Eirop\u0101 pastiprin\u0101s debates par milit\u0101ro dienestu un Francija ievie\u0161 br\u012bvpr\u0101t\u012bgu milit\u0101ro dienestu, respondenti pauda ba\u017eas par vi\u0146u valstu bru\u0146oto sp\u0113ku sp\u0113j\u0101m c\u012bn\u012bties pret Krieviju.<\/p>\n<p>69% sac\u012bja, ka vi\u0146u valsts &#8220;nemaz&#8221; vai &#8220;diez vai&#8221; b\u016btu sp\u0113j\u012bga aizst\u0101v\u0113ties pret Krievijas agresiju.<\/p>\n<p>Francij\u0101, kurai vien\u012bgajai no aptauj\u0101 ietvertaj\u0101m valst\u012bm ir kodoliero\u010di, respondenti pauda vismaz\u0101ko pesimismu \u0161ai zi\u0146\u0101. 44% respondentu Francij\u0101 uzskat\u012bja, ka vi\u0146u valsts ir &#8220;piln\u012bgi&#8221; vai &#8220;diezgan&#8221; sp\u0113j\u012bga aizst\u0101v\u0113ties.<\/p>\n<p>Visliel\u0101kais pesimisms bija Be\u013c\u0123ij\u0101, It\u0101lij\u0101 un Portug\u0101l\u0113, kur attiec\u012bgi 87%, 85% un 85% uzskat\u012bja, ka vi\u0146u valsts nesp\u0113j aizst\u0101v\u0113ties.<\/p>\n<p>Par galveno tie\u0161o draudu Eiropas sabiedrisk\u0101 doma v\u0113l arvien uzskata terorismu. Devi\u0146\u0101s aptauj\u0101 ietvertaj\u0101s valst\u012bs 63% respondentu uzskat\u012bja, ka atkl\u0101ta kara ar teroristu grup\u0113jumiem risks ir &#8220;augsts&#8221; vai &#8220;\u013coti augsts&#8221;.<\/p>\n","protected":false},"excerpt":{"rendered":"Ba\u017eas par atkl\u0101tu karu ar Krieviju da\u017e\u0101d\u0101s valst\u012bs bija at\u0161\u0137ir\u012bgas. Polij\u0101, kas robe\u017eojas ar Krieviju un t\u0101s sabiedroto&hellip;\n","protected":false},"author":2,"featured_media":65313,"comment_status":"","ping_status":"","sticky":false,"template":"","format":"standard","meta":{"footnotes":""},"categories":[5],"tags":[23,28,29,514,32,33,22,234,74,30,31,35,39,38,36,37,34,40,20,26,27,24,25,21],"class_list":{"0":"post-65312","1":"post","2":"type-post","3":"status-publish","4":"format-standard","5":"has-post-thumbnail","7":"category-aktualitates","8":"tag-aktualitates","9":"tag-breaking-news","10":"tag-breakingnews","11":"tag-eiropas-savieniba","12":"tag-featured-news","13":"tag-featurednews","14":"tag-headlines","15":"tag-krievija","16":"tag-krievijas-iebrukums-ukraina","17":"tag-latest-news","18":"tag-latestnews","19":"tag-latvia","20":"tag-latvian","21":"tag-latviesu","22":"tag-latviesu-valoda","23":"tag-latviesuvaloda","24":"tag-latvija","25":"tag-lv","26":"tag-news","27":"tag-popularakas-zinas","28":"tag-popularakaszinas","29":"tag-top-stories","30":"tag-topstories","31":"tag-zinas"},"share_on_mastodon":{"url":"https:\/\/pubeurope.com\/@lv\/115660597754793371","error":""},"_links":{"self":[{"href":"https:\/\/www.europesays.com\/lv\/wp-json\/wp\/v2\/posts\/65312","targetHints":{"allow":["GET"]}}],"collection":[{"href":"https:\/\/www.europesays.com\/lv\/wp-json\/wp\/v2\/posts"}],"about":[{"href":"https:\/\/www.europesays.com\/lv\/wp-json\/wp\/v2\/types\/post"}],"author":[{"embeddable":true,"href":"https:\/\/www.europesays.com\/lv\/wp-json\/wp\/v2\/users\/2"}],"replies":[{"embeddable":true,"href":"https:\/\/www.europesays.com\/lv\/wp-json\/wp\/v2\/comments?post=65312"}],"version-history":[{"count":0,"href":"https:\/\/www.europesays.com\/lv\/wp-json\/wp\/v2\/posts\/65312\/revisions"}],"wp:featuredmedia":[{"embeddable":true,"href":"https:\/\/www.europesays.com\/lv\/wp-json\/wp\/v2\/media\/65313"}],"wp:attachment":[{"href":"https:\/\/www.europesays.com\/lv\/wp-json\/wp\/v2\/media?parent=65312"}],"wp:term":[{"taxonomy":"category","embeddable":true,"href":"https:\/\/www.europesays.com\/lv\/wp-json\/wp\/v2\/categories?post=65312"},{"taxonomy":"post_tag","embeddable":true,"href":"https:\/\/www.europesays.com\/lv\/wp-json\/wp\/v2\/tags?post=65312"}],"curies":[{"name":"wp","href":"https:\/\/api.w.org\/{rel}","templated":true}]}}