{"id":65329,"date":"2025-12-04T09:51:07","date_gmt":"2025-12-04T09:51:07","guid":{"rendered":"https:\/\/www.europesays.com\/lv\/65329\/"},"modified":"2025-12-04T09:51:07","modified_gmt":"2025-12-04T09:51:07","slug":"hegseta-sarakste-signal-butiski-apdraudejusi-asv-karavirus","status":"publish","type":"post","link":"https:\/\/www.europesays.com\/lv\/65329\/","title":{"rendered":"Hegseta sarakste &#8220;Signal&#8221; b\u016btiski apdraud\u0113jusi ASV karav\u012brus"},"content":{"rendered":"<p>K\u0101 zi\u0146o raidsabiedr\u012bbas ABC un CNN, Pentagona \u0123ener\u0101linspektora izmekl\u0113\u0161an\u0101 secin\u0101ts, ka Hegsets &#8220;Signal&#8221; dal\u012bj\u0101s ar \u013coti sensit\u012bvu inform\u0101ciju par gatavo\u0161anos uzbrukumam hutie\u0161u kaujiniekiem Jemen\u0101 un t\u0101d\u0113j\u0101di var\u0113ja apdraud\u0113t <a href=\"https:\/\/www.apollo.lv\/term\/555410\/asv\" class=\"topicLink\" target=\"_blank\" rel=\"nofollow noopener\">ASV<\/a> karav\u012brus.<\/p>\n<p>Mediji atsaucas uz person\u0101m, kas iepazinu\u0161\u0101s ar zi\u0146ojuma neredi\u0123\u0113to versiju.<\/p>\n<p>Pa\u0161laik Pentagona \u0123ener\u0101linspektora zi\u0146ojums ir slepens, ta\u010du tiek zi\u0146ots, ka redi\u0123\u0113t\u0101 form\u0101 tas b\u016bs pieejams publiski ceturtdien.<\/p>\n<p>Izmekl\u0113\u0161ana tika s\u0101kta p\u0113c tam, kad ASV \u017eurn\u0101ls &#8220;The Atlantic&#8221; marta beig\u0101s public\u0113ja inform\u0101ciju par triecienu Jemen\u0101 p\u0113c tam, kad t\u0101 galvenais redaktors D\u017eefrijs Goldbergs pazi\u0146oja, ka toreiz\u0113jais Balt\u0101 nama nacion\u0101l\u0101s dro\u0161\u012bbas padomnieks Maiks Volcs vi\u0146u nejau\u0161i pievienojis sarunai &#8220;Signal&#8221;.<\/p>\n<p>Rakstos, kas tika public\u0113ti p\u0113c tam, kad triecieni bija veikti, Goldbergs detaliz\u0113ti izkl\u0101st\u012bja, k\u0101 vi\u0146\u0161 \u010dat\u0101, kur\u0101 piedal\u012bj\u0101s ar\u012b Hegsets un citas augsta ranga vald\u012bbas amatpersonas, var\u0113ja nepastarpin\u0101ti las\u012bt pl\u0101nus par gaid\u0101mo milit\u0101ro oper\u0101ciju pret Ir\u0101nas atbalst\u012btajiem hutie\u0161u kaujiniekiem.<\/p>\n<p>Tas, ka augsta ranga vald\u012bbas p\u0101rst\u0101vji izmantoja &#8220;Signal&#8221;, lai apmain\u012btos ar sensit\u012bvu inform\u0101ciju, izrais\u012bja sa\u0161utumu. P\u0113c tam Volcs tika atcelts no nacion\u0101l\u0101s dro\u0161\u012bbas padomnieka amata un p\u0101rcelts uz \u0145ujorku k\u0101 ASV v\u0113stnieks ANO.<\/p>\n<p>Tolaik Hegsets uzst\u0101ja, ka nav publiskojis nek\u0101du slepenu inform\u0101ciju.<\/p>\n<p>ASV prezidents Donalds Tramps aizst\u0101v\u0113ja aizsardz\u012bbas ministru, kas noliedza, ka b\u016btu bijis nev\u0113r\u012bgs &#8220;Signal&#8221; sarun\u0101s.<\/p>\n","protected":false},"excerpt":{"rendered":"K\u0101 zi\u0146o raidsabiedr\u012bbas ABC un CNN, Pentagona \u0123ener\u0101linspektora izmekl\u0113\u0161an\u0101 secin\u0101ts, ka Hegsets &#8220;Signal&#8221; dal\u012bj\u0101s ar \u013coti sensit\u012bvu inform\u0101ciju&hellip;\n","protected":false},"author":2,"featured_media":65330,"comment_status":"","ping_status":"","sticky":false,"template":"","format":"standard","meta":{"footnotes":""},"categories":[14],"tags":[23,57,292,28,29,32,33,22,5240,16265,30,31,35,39,38,36,37,34,40,20,26,27,24,25,54,55,56,21,58],"class_list":{"0":"post-65329","1":"post","2":"type-post","3":"status-publish","4":"format-standard","5":"has-post-thumbnail","7":"category-zinas-no-arvalstim","8":"tag-aktualitates","9":"tag-arvalstim","10":"tag-asv","11":"tag-breaking-news","12":"tag-breakingnews","13":"tag-featured-news","14":"tag-featurednews","15":"tag-headlines","16":"tag-karaviri","17":"tag-karavirs","18":"tag-latest-news","19":"tag-latestnews","20":"tag-latvia","21":"tag-latvian","22":"tag-latviesu","23":"tag-latviesu-valoda","24":"tag-latviesuvaloda","25":"tag-latvija","26":"tag-lv","27":"tag-news","28":"tag-popularakas-zinas","29":"tag-popularakaszinas","30":"tag-top-stories","31":"tag-topstories","32":"tag-world","33":"tag-world-news","34":"tag-worldnews","35":"tag-zinas","36":"tag-zinas-no-arvalstim"},"share_on_mastodon":{"url":"https:\/\/pubeurope.com\/@lv\/115660684201374520","error":""},"_links":{"self":[{"href":"https:\/\/www.europesays.com\/lv\/wp-json\/wp\/v2\/posts\/65329","targetHints":{"allow":["GET"]}}],"collection":[{"href":"https:\/\/www.europesays.com\/lv\/wp-json\/wp\/v2\/posts"}],"about":[{"href":"https:\/\/www.europesays.com\/lv\/wp-json\/wp\/v2\/types\/post"}],"author":[{"embeddable":true,"href":"https:\/\/www.europesays.com\/lv\/wp-json\/wp\/v2\/users\/2"}],"replies":[{"embeddable":true,"href":"https:\/\/www.europesays.com\/lv\/wp-json\/wp\/v2\/comments?post=65329"}],"version-history":[{"count":0,"href":"https:\/\/www.europesays.com\/lv\/wp-json\/wp\/v2\/posts\/65329\/revisions"}],"wp:featuredmedia":[{"embeddable":true,"href":"https:\/\/www.europesays.com\/lv\/wp-json\/wp\/v2\/media\/65330"}],"wp:attachment":[{"href":"https:\/\/www.europesays.com\/lv\/wp-json\/wp\/v2\/media?parent=65329"}],"wp:term":[{"taxonomy":"category","embeddable":true,"href":"https:\/\/www.europesays.com\/lv\/wp-json\/wp\/v2\/categories?post=65329"},{"taxonomy":"post_tag","embeddable":true,"href":"https:\/\/www.europesays.com\/lv\/wp-json\/wp\/v2\/tags?post=65329"}],"curies":[{"name":"wp","href":"https:\/\/api.w.org\/{rel}","templated":true}]}}