{"id":65333,"date":"2025-12-04T09:54:08","date_gmt":"2025-12-04T09:54:08","guid":{"rendered":"https:\/\/www.europesays.com\/lv\/65333\/"},"modified":"2025-12-04T09:54:08","modified_gmt":"2025-12-04T09:54:08","slug":"eirovizijas-zvaigzne-kaarija-nakamruden-uzstasies-riga","status":"publish","type":"post","link":"https:\/\/www.europesays.com\/lv\/65333\/","title":{"rendered":"Eirov\u012bzijas zvaigzne K\u00e4\u00e4rij\u00e4 n\u0101kamruden uzst\u0101sies R\u012bg\u0101"},"content":{"rendered":"<p>K\u0101 zin\u0101ms, 2023.gada Eurov\u012bzijas skat\u012bt\u0101ju balsojuma favor\u012bta hits &#8220;Cha Cha Cha&#8221; uztrauc\u0101s ne tikai dzimt\u0101s Somijas, bet ar\u012b Zviedrijas, Latvijas un Lietuvas topu pa\u0161\u0101 aug\u0161gal\u0101 un kopum\u0101 13 valst\u012bs ierindoj\u0101s vismaz pirmaj\u0101 desmitniek\u0101.<\/p>\n<p><a href=\"https:\/\/sejas.tvnet.lv\/term\/713807\/kaarija\" class=\"topicLink\" target=\"_blank\" rel=\"nofollow noopener\">K\u00e4\u00e4rij\u00e4<\/a> uzst\u0101\u0161an\u0101s 2024. gada &#8220;Summer Sound&#8221; festiv\u0101l\u0101 k\u013cuva par pas\u0101kuma t\u0101 gada sens\u0101ciju ar saj\u016bsmin\u0101t\u0101m apmekl\u0113t\u0101ju atsauksm\u0113m.<\/p>\n<p>Bi\u013ce\u0161u iepriek\u0161p\u0101rdo\u0161ana vis\u0101 Bi\u013ce\u0161u servisa t\u012bkl\u0101: 4.decembr\u012b no plkst. 11.00 tikai www.ltips.lv abonentiem. 10.decembr\u012b no plkst. 11.00 s\u0101ksies publisk\u0101 p\u0101rdo\u0161ana.<\/p>\n<p>K\u00e4\u00e4rij\u00e4 jeb Jere Mikaels Peihenens uzaudzis Vant\u0101 piepils\u0113t\u0101 un kop\u0161 aptuveni 20 gadu vecuma s\u0101cis aizrauties ar m\u016bzikas rad\u012b\u0161anu. S\u0101kum\u0101 sp\u0113l\u0113jot bungas, bet v\u0113l\u0101k piev\u0113r\u0161oties dzied\u0101\u0161anai. Vi\u0146a debijas albums \u201cFantastista\u201d izn\u0101ca 2020. gad\u0101.<\/p>\n<p>2023. gada s\u0101kum\u0101 K\u00e4\u00e4rij\u00e4 ar lip\u012bgi ritmisko kompoz\u012bciju &#8220;Cha Cha Cha&#8221; uzvar\u0113ja nacion\u0101laj\u0101 Eirov\u012bzijas atlas\u0113 un attiec\u012bgi p\u0101rst\u0101v\u0113ja Somiju konkurs\u0101, kas togad norit\u0113ja Liverp\u016bl\u0113. Lai ar\u012b kopv\u0113rt\u0113jum\u0101 K\u00e4\u00e4rij\u00e4 palika otraj\u0101 viet\u0101, skat\u012bt\u0101ju balsojum\u0101 vi\u0146\u0161 sa\u0146\u0113ma visvair\u0101k \u2013 376 punktus. Interesanti, ka pa da\u017eiem gadiem &#8220;Cha Cha Cha&#8221; sasniegusi 7. vietu &#8220;Spotify&#8221; atska\u0146ot\u0101ko dziesmu sarakst\u0101 un k\u013cuvusi par visu laiku atska\u0146ot\u0101ko kompoz\u012bciju somu valod\u0101.<\/p>\n","protected":false},"excerpt":{"rendered":"K\u0101 zin\u0101ms, 2023.gada Eurov\u012bzijas skat\u012bt\u0101ju balsojuma favor\u012bta hits &#8220;Cha Cha Cha&#8221; uztrauc\u0101s ne tikai dzimt\u0101s Somijas, bet ar\u012b&hellip;\n","protected":false},"author":2,"featured_media":65334,"comment_status":"","ping_status":"","sticky":false,"template":"","format":"standard","meta":{"footnotes":""},"categories":[19],"tags":[492,89,90,16967,2017,35,39,38,36,37,34,40,1337],"class_list":{"0":"post-65333","1":"post","2":"type-post","3":"status-publish","4":"format-standard","5":"has-post-thumbnail","7":"category-izklaide","8":"tag-eirovizija","9":"tag-entertainment","10":"tag-izklaide","11":"tag-kaarija","12":"tag-koncerti","13":"tag-latvia","14":"tag-latvian","15":"tag-latviesu","16":"tag-latviesu-valoda","17":"tag-latviesuvaloda","18":"tag-latvija","19":"tag-lv","20":"tag-palladium"},"share_on_mastodon":{"url":"https:\/\/pubeurope.com\/@lv\/115660696067449070","error":""},"_links":{"self":[{"href":"https:\/\/www.europesays.com\/lv\/wp-json\/wp\/v2\/posts\/65333","targetHints":{"allow":["GET"]}}],"collection":[{"href":"https:\/\/www.europesays.com\/lv\/wp-json\/wp\/v2\/posts"}],"about":[{"href":"https:\/\/www.europesays.com\/lv\/wp-json\/wp\/v2\/types\/post"}],"author":[{"embeddable":true,"href":"https:\/\/www.europesays.com\/lv\/wp-json\/wp\/v2\/users\/2"}],"replies":[{"embeddable":true,"href":"https:\/\/www.europesays.com\/lv\/wp-json\/wp\/v2\/comments?post=65333"}],"version-history":[{"count":0,"href":"https:\/\/www.europesays.com\/lv\/wp-json\/wp\/v2\/posts\/65333\/revisions"}],"wp:featuredmedia":[{"embeddable":true,"href":"https:\/\/www.europesays.com\/lv\/wp-json\/wp\/v2\/media\/65334"}],"wp:attachment":[{"href":"https:\/\/www.europesays.com\/lv\/wp-json\/wp\/v2\/media?parent=65333"}],"wp:term":[{"taxonomy":"category","embeddable":true,"href":"https:\/\/www.europesays.com\/lv\/wp-json\/wp\/v2\/categories?post=65333"},{"taxonomy":"post_tag","embeddable":true,"href":"https:\/\/www.europesays.com\/lv\/wp-json\/wp\/v2\/tags?post=65333"}],"curies":[{"name":"wp","href":"https:\/\/api.w.org\/{rel}","templated":true}]}}