{"id":65383,"date":"2025-12-04T10:48:28","date_gmt":"2025-12-04T10:48:28","guid":{"rendered":"https:\/\/www.europesays.com\/lv\/65383\/"},"modified":"2025-12-04T10:48:28","modified_gmt":"2025-12-04T10:48:28","slug":"es-pats-biju-vainigs-jo-pielavu-savu-dzives-lielako-kludu","status":"publish","type":"post","link":"https:\/\/www.europesays.com\/lv\/65383\/","title":{"rendered":"Es pats biju vain\u012bgs, jo pie\u013c\u0101vu savu dz\u012bves liel\u0101ko k\u013c\u016bdu"},"content":{"rendered":"<p>Bulis nor\u0101d\u012bja, ka Edgars ilgi atveidojis romantiskus t\u0113lus, bet tagad ir br\u012bvs cilv\u0113ks, un jaut\u0101ja, vai vi\u0146\u0161 j\u016bt sievie\u0161u pastiprin\u0101tu interesi. Edgars atkl\u0101ja, ka vi\u0146am piem\u012bt kas b\u012bstams, jo vi\u0146\u0101 \u0101tri var &#8220;ie\u0137erties&#8221;.<\/p>\n<blockquote class=\"quote ck-widget\" contenteditable=\"false\">\n<p>Vi\u0146\u0161 atcer\u0113j\u0101s k\u0101du fr\u0101zi: &#8220;Tev\u012b var \u0101tri ie\u0137erties. Tikai &#8211; galvenais, nevajag pie\u013caut to robe\u017eu, kad j\u0101vi\u013cas. Kad s\u0101kas sadz\u012bve, tad var baigi vilties.&#8221;<\/p>\n<\/blockquote>\n<p>Tom\u0113r visnopietn\u0101k\u0101 t\u0113ma bija par attiec\u012bb\u0101m, kas atst\u0101ju\u0161as emocion\u0101las r\u0113tas. Puj\u0101ts atzina, ka p\u0113c k\u0101das m\u012blas d\u0113kas sa\u0146\u0113mis &#8220;dunci mugur\u0101&#8221; un tagad piesarg\u0101s no jauniem rom\u0101niem.<\/p>\n<p>Lai gan deta\u013cas Bulim netika atkl\u0101tas, Edgars uzsv\u0113ra, ka da\u013ca vainas gulst uz vi\u0146a pleciem.<\/p>\n<blockquote class=\"quote ck-widget\" contenteditable=\"false\">\n<p>&#8220;Es pats biju vain\u012bgs, jo pie\u013c\u0101vu savu dz\u012bves liel\u0101ko k\u013c\u016bdu.<\/p>\n<\/blockquote>\n<p>Tas bija vai nu prognoz\u0113jams, vai gaid\u0101ms. No malas daudzi teica: &#8220;Vecais, iesl\u0113dzies mazlieti\u0146&#8221;, bet bija m\u012blas migla ac\u012bs,&#8221; st\u0101st\u012bja Edgars un piebilda, ka varb\u016bt n\u0101kotn\u0113 \u0161o pieredzi izmantos k\u0101 lugas si\u017eetu: &#8220;Varb\u016bt k\u0101dreiz \u2013 uz skatuves. Uztais\u012b\u0161u izr\u0101di, un, kad pien\u0101ks t\u0101s sievietes k\u0101rta, skat\u012bt\u0101js saprat\u012bs.&#8221;<\/p>\n<p><a href=\"https:\/\/sejas.tvnet.lv\/term\/717741\/edgars-pujats\" class=\"topicLink\" target=\"_blank\" rel=\"nofollow noopener\">Edgars Puj\u0101ts<\/a> Andrim Bulim pauda, ka m\u012blas dz\u012bves lappusi atst\u0101j &#8220;atv\u0113rtu&#8221;, ta\u010du \u0161obr\u012bd vi\u0146am nav nodoma steigties jaun\u0101s attiec\u012bb\u0101s.<\/p>\n<p>&#8220;Man ir kas, kas maiz\u012bti pieved\u012bs, un es piezvan\u012b\u0161u jebkur\u0101 diennakts laik\u0101. Vai b\u016bs kas vair\u0101k vai maz\u0101k\u2026 nezinu,&#8221; atzina Edgars, cerot, ka situ\u0101cija ir vi\u0146a kontrol\u0113. Savuk\u0101rt Andris atg\u0101din\u0101ja, ka liel\u0101k\u0101 da\u013ca v\u012brie\u0161u t\u0101 tikai dom\u0101, bet \u012bsten\u012bb\u0101 m\u0113dz notikt cit\u0101di.<\/p>\n","protected":false},"excerpt":{"rendered":"Bulis nor\u0101d\u012bja, ka Edgars ilgi atveidojis romantiskus t\u0113lus, bet tagad ir br\u012bvs cilv\u0113ks, un jaut\u0101ja, vai vi\u0146\u0161 j\u016bt&hellip;\n","protected":false},"author":2,"featured_media":65384,"comment_status":"","ping_status":"","sticky":false,"template":"","format":"standard","meta":{"footnotes":""},"categories":[19],"tags":[1475,89,90,35,39,38,36,37,34,40],"class_list":{"0":"post-65383","1":"post","2":"type-post","3":"status-publish","4":"format-standard","5":"has-post-thumbnail","7":"category-izklaide","8":"tag-edgars-pujats","9":"tag-entertainment","10":"tag-izklaide","11":"tag-latvia","12":"tag-latvian","13":"tag-latviesu","14":"tag-latviesu-valoda","15":"tag-latviesuvaloda","16":"tag-latvija","17":"tag-lv"},"share_on_mastodon":{"url":"https:\/\/pubeurope.com\/@lv\/115660908487699177","error":""},"_links":{"self":[{"href":"https:\/\/www.europesays.com\/lv\/wp-json\/wp\/v2\/posts\/65383","targetHints":{"allow":["GET"]}}],"collection":[{"href":"https:\/\/www.europesays.com\/lv\/wp-json\/wp\/v2\/posts"}],"about":[{"href":"https:\/\/www.europesays.com\/lv\/wp-json\/wp\/v2\/types\/post"}],"author":[{"embeddable":true,"href":"https:\/\/www.europesays.com\/lv\/wp-json\/wp\/v2\/users\/2"}],"replies":[{"embeddable":true,"href":"https:\/\/www.europesays.com\/lv\/wp-json\/wp\/v2\/comments?post=65383"}],"version-history":[{"count":0,"href":"https:\/\/www.europesays.com\/lv\/wp-json\/wp\/v2\/posts\/65383\/revisions"}],"wp:featuredmedia":[{"embeddable":true,"href":"https:\/\/www.europesays.com\/lv\/wp-json\/wp\/v2\/media\/65384"}],"wp:attachment":[{"href":"https:\/\/www.europesays.com\/lv\/wp-json\/wp\/v2\/media?parent=65383"}],"wp:term":[{"taxonomy":"category","embeddable":true,"href":"https:\/\/www.europesays.com\/lv\/wp-json\/wp\/v2\/categories?post=65383"},{"taxonomy":"post_tag","embeddable":true,"href":"https:\/\/www.europesays.com\/lv\/wp-json\/wp\/v2\/tags?post=65383"}],"curies":[{"name":"wp","href":"https:\/\/api.w.org\/{rel}","templated":true}]}}