{"id":65426,"date":"2025-12-04T11:33:10","date_gmt":"2025-12-04T11:33:10","guid":{"rendered":"https:\/\/www.europesays.com\/lv\/65426\/"},"modified":"2025-12-04T11:33:10","modified_gmt":"2025-12-04T11:33:10","slug":"infografika-%e2%9f%a9-latvijas-kartejo-maksajumu-konta-deficits-devinos-menesos","status":"publish","type":"post","link":"https:\/\/www.europesays.com\/lv\/65426\/","title":{"rendered":"INFOGRAFIKA \u27e9 Latvijas k\u0101rt\u0113jo maks\u0101jumu konta defic\u012bts devi\u0146os m\u0113ne\u0161os"},"content":{"rendered":"<p>T\u0101pat Latvijas Bank\u0101 min, ka imports no ASV vair\u0101k nek\u0101 dubultoj\u0101s, galvenok\u0101rt mun\u012bcijas un miner\u0101lo produktu d\u0113\u013c. Par p\u0113d\u0113jiem nav skaidr\u012bbas, vai pieaugumu noteica ES-ASV vieno\u0161an\u0101s, kas paredz, ka ES n\u0101kamo tr\u012bs gadu laik\u0101 ieg\u0101d\u0101sies energoresursus 700 miljardu eiro apm\u0113r\u0101 no ASV, vai v\u0113l pirms pazi\u0146otajiem tarifiem nosl\u0113gtie l\u012bgumi.<\/p>\n<p>K\u0101 jau ierasts, tre\u0161ais ceturksnis devis pozit\u012bvu skatu braucienu eksport\u0101, kur \u0161ogad papildu devumu rad\u012bjusi &#8220;EuroBasket 2025&#8221; turn\u012bra norise Latvij\u0101, palielinot ien\u0101ko\u0161\u0101 t\u016brisma pl\u016bsmas. Ien\u0101ko\u0161ais t\u016brisms ar\u012b saist\u0101s ar gaisa transporta pakalpojumu pieaugumu, k\u0101 ar\u012b pozit\u012bvo tendenci turpina autotransporta pakalpojumi. T\u0101pat k\u0101 iepriek\u0161\u0113jos ceturk\u0161\u0146os, turpina palielin\u0101ties profesion\u0101lo, tehnisko un citas saimniecisk\u0101s darb\u012bbas pakalpojumu eksports.<\/p>\n<p>Ar\u012b import\u0101, aizritot t\u016brisma sezonai, pieaug braucienu un gaisa transporta pakalpojumu imports. T\u0101pat k\u0101 eksport\u0101, ar\u012b import\u0101 izaugsmi turpina profesion\u0101lo un, jo \u012bpa\u0161i, tehnisko un citas saimniecisk\u0101s darb\u012bbas pakalpojumu imports. Tehniskie pakalpojumi augu\u0161i visstrauj\u0101k ener\u0123ijas un administrat\u012bv\u0101s darb\u012bbas nozar\u0113s, specifisk\u0101k, t\u016brisma operatoru darb\u012bb\u0101, kas saist\u0101s ar t\u016brisma sezonu, bet ar\u012b auto l\u012bzinga starpniec\u012bbas pakalpojumos. Turpinoties apjom\u012bgajiem b\u016bvdarbiem, turpin\u0101s pieaugt ar\u012b b\u016bvniec\u012bbas imports, jo \u012bpa\u0161i elektroapg\u0101des un telekomunik\u0101ciju in\u017eenierb\u016bvniec\u012bbas, nor\u0101da Latvijas Bank\u0101.<\/p>\n<p>\u0100rvalstu tie\u0161\u0101s invest\u012bcijas Latvij\u0101 2025. gada tre\u0161aj\u0101 ceturksn\u012b sasniedza 320 miljonus eiro jeb 2,9% no <a href=\"https:\/\/www.tvnet.lv\/term\/557697\/ikp\" class=\"topicLink\" target=\"_blank\" rel=\"nofollow noopener\">IKP<\/a>. Invest\u012bcijas galvenok\u0101rt veiktas profesion\u0101lajos, zin\u0101tniskajos un tehniskajos pakalpojumos, finan\u0161u un apdro\u0161in\u0101\u0161anas darb\u012bb\u0101s, k\u0101 ar\u012b ener\u0123ijas nozar\u0113. Liel\u0101kie investori, k\u0101 ierasts, ir no Zviedrijas un Igaunijas.<\/p>\n","protected":false},"excerpt":{"rendered":"T\u0101pat Latvijas Bank\u0101 min, ka imports no ASV vair\u0101k nek\u0101 dubultoj\u0101s, galvenok\u0101rt mun\u012bcijas un miner\u0101lo produktu d\u0113\u013c. Par&hellip;\n","protected":false},"author":2,"featured_media":65427,"comment_status":"","ping_status":"","sticky":false,"template":"","format":"standard","meta":{"footnotes":""},"categories":[16],"tags":[77,259,76,9497,35,39,38,36,37,34,40,331],"class_list":{"0":"post-65426","1":"post","2":"type-post","3":"status-publish","4":"format-standard","5":"has-post-thumbnail","7":"category-bizness","8":"tag-bizness","9":"tag-budzets","10":"tag-business","11":"tag-ikp","12":"tag-latvia","13":"tag-latvian","14":"tag-latviesu","15":"tag-latviesu-valoda","16":"tag-latviesuvaloda","17":"tag-latvija","18":"tag-lv","19":"tag-valsts-budzets"},"share_on_mastodon":{"url":"https:\/\/pubeurope.com\/@lv\/115661085310352923","error":""},"_links":{"self":[{"href":"https:\/\/www.europesays.com\/lv\/wp-json\/wp\/v2\/posts\/65426","targetHints":{"allow":["GET"]}}],"collection":[{"href":"https:\/\/www.europesays.com\/lv\/wp-json\/wp\/v2\/posts"}],"about":[{"href":"https:\/\/www.europesays.com\/lv\/wp-json\/wp\/v2\/types\/post"}],"author":[{"embeddable":true,"href":"https:\/\/www.europesays.com\/lv\/wp-json\/wp\/v2\/users\/2"}],"replies":[{"embeddable":true,"href":"https:\/\/www.europesays.com\/lv\/wp-json\/wp\/v2\/comments?post=65426"}],"version-history":[{"count":0,"href":"https:\/\/www.europesays.com\/lv\/wp-json\/wp\/v2\/posts\/65426\/revisions"}],"wp:featuredmedia":[{"embeddable":true,"href":"https:\/\/www.europesays.com\/lv\/wp-json\/wp\/v2\/media\/65427"}],"wp:attachment":[{"href":"https:\/\/www.europesays.com\/lv\/wp-json\/wp\/v2\/media?parent=65426"}],"wp:term":[{"taxonomy":"category","embeddable":true,"href":"https:\/\/www.europesays.com\/lv\/wp-json\/wp\/v2\/categories?post=65426"},{"taxonomy":"post_tag","embeddable":true,"href":"https:\/\/www.europesays.com\/lv\/wp-json\/wp\/v2\/tags?post=65426"}],"curies":[{"name":"wp","href":"https:\/\/api.w.org\/{rel}","templated":true}]}}