{"id":65483,"date":"2025-12-04T12:42:09","date_gmt":"2025-12-04T12:42:09","guid":{"rendered":"https:\/\/www.europesays.com\/lv\/65483\/"},"modified":"2025-12-04T12:42:09","modified_gmt":"2025-12-04T12:42:09","slug":"tresdien-celu-satiksmes-negadijumos-latvija-cietusi-astoni-gajeji-2","status":"publish","type":"post","link":"https:\/\/www.europesays.com\/lv\/65483\/","title":{"rendered":"Tre\u0161dien ce\u013cu satiksmes negad\u012bjumos Latvij\u0101 cietu\u0161i asto\u0146i g\u0101j\u0113ji"},"content":{"rendered":"<p>Vakar asto\u0146i cilv\u0113ki, tostarp septi\u0146i g\u0101j\u0113ji, cieta av\u0101rij\u0101s R\u012bgas re\u0123ion\u0101, divi &#8211; Kurzem\u0113, bet viens &#8211; Latgal\u0113.<\/p>\n<p>Par transportl\u012bdzek\u013ca vad\u012b\u0161anu alkohola reibum\u0101 policija vakar aiztur\u0113jusi \u010detrus vad\u012bt\u0101jus &#8211; tr\u012bs R\u012bgas re\u0123ion\u0101 un vienu Vidzem\u0113. Tr\u012bs aiztur\u0113tie vad\u012bt\u0101ji pie transportl\u012bdzek\u013cu st\u016bres bija s\u0113du\u0161ies tik nopietn\u0101 reibum\u0101, ka vi\u0146iem piem\u0113rots krimin\u0101lsods, l\u012bdz ar to konfisc\u0113s transportl\u012bdzekli vai piedz\u012bs transportl\u012bdzek\u013ca v\u0113rt\u012bbu.<\/p>\n<p>Savuk\u0101rt par \u0101truma p\u0101rsnieg\u0161anu autovad\u012bt\u0101jiem vakar noform\u0113ti 132 protokoli: R\u012bgas re\u0123ion\u0101 sod\u012bti vien devi\u0146i autovad\u012bt\u0101ji, Vidzem\u0113 &#8211; 37, Latgal\u0113 &#8211; 32, bet Kurzem\u0113 un Zemgal\u0113 &#8211; katr\u0101 27 transporta l\u012bdzek\u013cu vad\u012bt\u0101ji. Viens vad\u012bt\u0101js sod\u012bts par agres\u012bvu brauk\u0161anu.<\/p>\n<p>Kopum\u0101 policija vakar noform\u0113jusi 430 protokolus par ce\u013cu satiksmes noteikumu p\u0101rk\u0101pumiem.<\/p>\n","protected":false},"excerpt":{"rendered":"Vakar asto\u0146i cilv\u0113ki, tostarp septi\u0146i g\u0101j\u0113ji, cieta av\u0101rij\u0101s R\u012bgas re\u0123ion\u0101, divi &#8211; Kurzem\u0113, bet viens &#8211; Latgal\u0113. Par&hellip;\n","protected":false},"author":2,"featured_media":34091,"comment_status":"","ping_status":"","sticky":false,"template":"","format":"standard","meta":{"footnotes":""},"categories":[5],"tags":[23,1465,1494,28,29,32,33,22,30,31,35,39,38,36,37,34,40,20,26,27,24,25,138,21],"class_list":{"0":"post-65483","1":"post","2":"type-post","3":"status-publish","4":"format-standard","5":"has-post-thumbnail","7":"category-aktualitates","8":"tag-aktualitates","9":"tag-autoavarijas","10":"tag-automasinas","11":"tag-breaking-news","12":"tag-breakingnews","13":"tag-featured-news","14":"tag-featurednews","15":"tag-headlines","16":"tag-latest-news","17":"tag-latestnews","18":"tag-latvia","19":"tag-latvian","20":"tag-latviesu","21":"tag-latviesu-valoda","22":"tag-latviesuvaloda","23":"tag-latvija","24":"tag-lv","25":"tag-news","26":"tag-popularakas-zinas","27":"tag-popularakaszinas","28":"tag-top-stories","29":"tag-topstories","30":"tag-valsts-policija","31":"tag-zinas"},"share_on_mastodon":{"url":"https:\/\/pubeurope.com\/@lv\/115661356688788963","error":""},"_links":{"self":[{"href":"https:\/\/www.europesays.com\/lv\/wp-json\/wp\/v2\/posts\/65483","targetHints":{"allow":["GET"]}}],"collection":[{"href":"https:\/\/www.europesays.com\/lv\/wp-json\/wp\/v2\/posts"}],"about":[{"href":"https:\/\/www.europesays.com\/lv\/wp-json\/wp\/v2\/types\/post"}],"author":[{"embeddable":true,"href":"https:\/\/www.europesays.com\/lv\/wp-json\/wp\/v2\/users\/2"}],"replies":[{"embeddable":true,"href":"https:\/\/www.europesays.com\/lv\/wp-json\/wp\/v2\/comments?post=65483"}],"version-history":[{"count":0,"href":"https:\/\/www.europesays.com\/lv\/wp-json\/wp\/v2\/posts\/65483\/revisions"}],"wp:featuredmedia":[{"embeddable":true,"href":"https:\/\/www.europesays.com\/lv\/wp-json\/wp\/v2\/media\/34091"}],"wp:attachment":[{"href":"https:\/\/www.europesays.com\/lv\/wp-json\/wp\/v2\/media?parent=65483"}],"wp:term":[{"taxonomy":"category","embeddable":true,"href":"https:\/\/www.europesays.com\/lv\/wp-json\/wp\/v2\/categories?post=65483"},{"taxonomy":"post_tag","embeddable":true,"href":"https:\/\/www.europesays.com\/lv\/wp-json\/wp\/v2\/tags?post=65483"}],"curies":[{"name":"wp","href":"https:\/\/api.w.org\/{rel}","templated":true}]}}