{"id":65492,"date":"2025-12-04T12:50:08","date_gmt":"2025-12-04T12:50:08","guid":{"rendered":"https:\/\/www.europesays.com\/lv\/65492\/"},"modified":"2025-12-04T12:50:08","modified_gmt":"2025-12-04T12:50:08","slug":"cicurskim-pieskirs-iihf-balvu-par-ieguldijumu-bernu-un-jauniesu-hokeja-attistiba","status":"publish","type":"post","link":"https:\/\/www.europesays.com\/lv\/65492\/","title":{"rendered":"Cicurskim pie\u0161\u0137irs IIHF balvu par ieguld\u012bjumu b\u0113rnu un jaunie\u0161u hokeja att\u012bst\u012bb\u0101"},"content":{"rendered":"<p>Johana Bul\u0113 v\u0101rd\u0101 nosaukto apbalvojumu, kas tiek pie\u0161\u0137irts person\u012bb\u0101m par izciliem nopelniem jaunie\u0161u hokeja att\u012bst\u012bb\u0101, Cicurskis sa\u0146ems <a href=\"https:\/\/sports.tvnet.lv\/term\/564434\/iihf\" class=\"topicLink\" target=\"_blank\" rel=\"nofollow noopener\">IIHF<\/a> ceremonij\u0101 2026. gad\u0101.<\/p>\n<p>Cicurskis vair\u0101k nek\u0101 40 gadus ir bijis viens no Latvijas hokeja re\u0123ion\u0101lajiem balstiem. Vi\u0146\u0161 izveidoja un att\u012bst\u012bja Liep\u0101jas b\u0113rnu un jaunie\u0161u hokeja sist\u0113mu, radot vidi, kur\u0101 jaunie hokejisti var\u0113ja augt gan sportiski, gan personiski.<\/p>\n<p>LHF prezidents Aigars Kalv\u012btis uzsver, ka Cicurska ieguld\u012bjums ir unik\u0101ls gan Latvijas, gan Eiropas hokeja kontekst\u0101.<\/p>\n<p>&#8220;Aleksandrs Cicurskis ir cilv\u0113ks, kur\u0161 ar savu neatlaid\u012bbu un p\u0101rliec\u012bbu izmain\u012bja Latvijas hokeja karti. Vi\u0146\u0161 par\u0101d\u012bja, ka augstas klases sp\u0113l\u0113t\u0101ji var izaugt ne tikai R\u012bg\u0101, bet ar\u012b re\u0123ionos. Vi\u0146a darbs Liep\u0101j\u0101 ir rad\u012bjis pamatus vair\u0101k\u0101m hokejistu paaudz\u0113m. \u0160is apbalvojums ir peln\u012bta starptautiska atzin\u012bba vi\u0146a dz\u012bves darbam,&#8221; st\u0101st\u012bja Kalv\u012btis.<\/p>\n<p>&#8220;Man <a href=\"https:\/\/sports.tvnet.lv\/term\/590386\/hokejs\" class=\"topicLink\" target=\"_blank\" rel=\"nofollow noopener\">hokejs<\/a> ir dz\u012bvesveids, un b\u0113rni vienm\u0113r ir biju\u0161i liel\u0101k\u0101 motiv\u0101cija turpin\u0101t. Es \u0161o daru t\u0101p\u0113c, ka man pat\u012bk redz\u0113t, k\u0101 puikas aug, k\u013c\u016bst lab\u0101ki un p\u0101rliecino\u0161\u0101ki. \u0160\u012b atzin\u012bba ir \u013coti, \u013coti aizkustino\u0161a,&#8221; par pie\u0161\u0137irto apbalvojumu teica Cicurskis.<\/p>\n<p>Pie vi\u0146a audz\u0113k\u0146iem ir pieskait\u0101mi vair\u0101ki Latvijas izlases sp\u0113l\u0113t\u0101ji, k\u0101 ar\u012b hokejisti, kas sasniegu\u0161i Eiropas augst\u0101k\u0101s l\u012bgas un pat Nacion\u0101lo hokeja l\u012bgu (NHL) &#8211; Sandis Ozoli\u0146\u0161, Sergejs \u017doltoks, Viktors Ignatjevs, Grigorijs Pante\u013cejevs, Raitis Ivan\u0101ns, R\u016bdolfs Balcers, Ronalds \u0136\u0113ni\u0146\u0161 un Miks Indra\u0161is.<\/p>\n","protected":false},"excerpt":{"rendered":"Johana Bul\u0113 v\u0101rd\u0101 nosaukto apbalvojumu, kas tiek pie\u0161\u0137irts person\u012bb\u0101m par izciliem nopelniem jaunie\u0161u hokeja att\u012bst\u012bb\u0101, Cicurskis sa\u0146ems IIHF&hellip;\n","protected":false},"author":2,"featured_media":65493,"comment_status":"","ping_status":"","sticky":false,"template":"","format":"standard","meta":{"footnotes":""},"categories":[17],"tags":[17001,836,394,721,8297,35,39,38,36,37,34,4243,40,67],"class_list":{"0":"post-65492","1":"post","2":"type-post","3":"status-publish","4":"format-standard","5":"has-post-thumbnail","7":"category-sports","8":"tag-aleksandrs-cicurskis","9":"tag-hokeja-jaunumi","10":"tag-hokejs","11":"tag-hokejs-pasaule","12":"tag-iihf","13":"tag-latvia","14":"tag-latvian","15":"tag-latviesu","16":"tag-latviesu-valoda","17":"tag-latviesuvaloda","18":"tag-latvija","19":"tag-latvijas-hokeja-federacija","20":"tag-lv","21":"tag-sports"},"share_on_mastodon":{"url":"https:\/\/pubeurope.com\/@lv\/115661388080628926","error":""},"_links":{"self":[{"href":"https:\/\/www.europesays.com\/lv\/wp-json\/wp\/v2\/posts\/65492","targetHints":{"allow":["GET"]}}],"collection":[{"href":"https:\/\/www.europesays.com\/lv\/wp-json\/wp\/v2\/posts"}],"about":[{"href":"https:\/\/www.europesays.com\/lv\/wp-json\/wp\/v2\/types\/post"}],"author":[{"embeddable":true,"href":"https:\/\/www.europesays.com\/lv\/wp-json\/wp\/v2\/users\/2"}],"replies":[{"embeddable":true,"href":"https:\/\/www.europesays.com\/lv\/wp-json\/wp\/v2\/comments?post=65492"}],"version-history":[{"count":0,"href":"https:\/\/www.europesays.com\/lv\/wp-json\/wp\/v2\/posts\/65492\/revisions"}],"wp:featuredmedia":[{"embeddable":true,"href":"https:\/\/www.europesays.com\/lv\/wp-json\/wp\/v2\/media\/65493"}],"wp:attachment":[{"href":"https:\/\/www.europesays.com\/lv\/wp-json\/wp\/v2\/media?parent=65492"}],"wp:term":[{"taxonomy":"category","embeddable":true,"href":"https:\/\/www.europesays.com\/lv\/wp-json\/wp\/v2\/categories?post=65492"},{"taxonomy":"post_tag","embeddable":true,"href":"https:\/\/www.europesays.com\/lv\/wp-json\/wp\/v2\/tags?post=65492"}],"curies":[{"name":"wp","href":"https:\/\/api.w.org\/{rel}","templated":true}]}}