{"id":65504,"date":"2025-12-04T13:15:07","date_gmt":"2025-12-04T13:15:07","guid":{"rendered":"https:\/\/www.europesays.com\/lv\/65504\/"},"modified":"2025-12-04T13:15:07","modified_gmt":"2025-12-04T13:15:07","slug":"baltijas-50-lielako-uznemumu-vidu-septini-ir-no-latvijas-secinats-petijuma","status":"publish","type":"post","link":"https:\/\/www.europesays.com\/lv\/65504\/","title":{"rendered":"Baltijas 50 liel\u0101ko uz\u0146\u0113mumu vid\u016b septi\u0146i ir no Latvijas, secin\u0101ts p\u0113t\u012bjum\u0101"},"content":{"rendered":"<p>&#8220;Coface&#8221; inform\u0113, ka \u0161ie septi\u0146i Latvijas uz\u0146\u0113mumi kop\u0101 p\u0113rn apgroz\u012bju\u0161i 7,04 miljardus eiro un guvu\u0161i 282 miljonu eiro pe\u013c\u0146u &#8211; attiec\u012bgi 10,1% no Baltijas &#8220;Top50&#8221; uz\u0146\u0113mumu kopapgroz\u012bjuma un 16,3% no kop\u0113j\u0101s pe\u013c\u0146as. Septi\u0146i liel\u0101kie Latvijas uz\u0146\u0113mumi p\u0113rn kopum\u0101 nodarbin\u0101ja gandr\u012bz 17 700 darbinieku.<\/p>\n<p>&#8220;Coface&#8221; veidotais reitings liecina, ka &#8220;Latvenergo&#8221; apgroz\u012bjums p\u0113rn p\u0101rsniedza 1,7 miljardus eiro, savuk\u0101rt pe\u013c\u0146a, sal\u012bdzinot ar 2023. gadu, samazin\u0101jusies par 22%, sasniedzot 273,7 miljonus eiro. &#8220;Rimi Latvia&#8221; apgroz\u012bjums p\u0101rsniedza 1,1 miljardu eiro, bet pe\u013c\u0146a pieauga l\u012bdz 38 miljoniem eiro, kas ir teju 31% k\u0101pums. &#8220;Maxima Latvija&#8221; apgroz\u012bjums p\u0101rsniedza 1,1 miljardu eiro, pe\u013c\u0146a savuk\u0101rt sasniedza gandr\u012bz 51 miljonu eiro, kas ir par 10% maz\u0101k nek\u0101 gadu iepriek\u0161.<\/p>\n<p>&#8220;Elko grupas&#8221; koncerns, kuram reiting\u0101 \u0161ogad izdevies pak\u0101pties par vienu vietu, p\u0113rn str\u0101d\u0101ja ar 1,056 miljardu eiro audit\u0113to apgroz\u012bjumu, kas ir par 0,4% maz\u0101k nek\u0101 gadu iepriek\u0161, bet uz\u0146\u0113muma pe\u013c\u0146a pieauga par 9,5% &#8211; l\u012bdz 13,051 miljonam eiro. &#8220;Air Baltic Corporation&#8221; apgroz\u012bjums veidoja gandr\u012bz 746 miljonus eiro, ta\u010du uz\u0146\u0113mums str\u0101d\u0101ja ar 118 miljonu eiro zaud\u0113jumiem. &#8220;Orlen Latvija&#8221; apgroz\u012bjums sasniedza teju 706 miljonus eiro, pe\u013c\u0146a &#8211; teju 3,2 miljonus eiro. &#8220;Depo DIY&#8221;, kur\u0161 reiting\u0101 \u0161ogad iek\u013cuvis pirmo gadu, pag\u0101ju\u0161aj\u0101 gad\u0101 str\u0101d\u0101ja ar 605,162 miljonu eiro apgroz\u012bjumu, kas ir par 9,4% vair\u0101k nek\u0101 2023. gad\u0101, savuk\u0101rt koncerna pe\u013c\u0146a saruka par 21,5% &#8211; l\u012bdz 21,191 miljonam eiro.<\/p>\n","protected":false},"excerpt":{"rendered":"&#8220;Coface&#8221; inform\u0113, ka \u0161ie septi\u0146i Latvijas uz\u0146\u0113mumi kop\u0101 p\u0113rn apgroz\u012bju\u0161i 7,04 miljardus eiro un guvu\u0161i 282 miljonu eiro&hellip;\n","protected":false},"author":2,"featured_media":49516,"comment_status":"","ping_status":"","sticky":false,"template":"","format":"standard","meta":{"footnotes":""},"categories":[16],"tags":[77,76,35,39,38,36,37,34,40,793,4775,2883],"class_list":{"0":"post-65504","1":"post","2":"type-post","3":"status-publish","4":"format-standard","5":"has-post-thumbnail","7":"category-bizness","8":"tag-bizness","9":"tag-business","10":"tag-latvia","11":"tag-latvian","12":"tag-latviesu","13":"tag-latviesu-valoda","14":"tag-latviesuvaloda","15":"tag-latvija","16":"tag-lv","17":"tag-uznemejdarbiba","18":"tag-uznemeji","19":"tag-uznemums"},"share_on_mastodon":{"url":"https:\/\/pubeurope.com\/@lv\/115661486390275742","error":""},"_links":{"self":[{"href":"https:\/\/www.europesays.com\/lv\/wp-json\/wp\/v2\/posts\/65504","targetHints":{"allow":["GET"]}}],"collection":[{"href":"https:\/\/www.europesays.com\/lv\/wp-json\/wp\/v2\/posts"}],"about":[{"href":"https:\/\/www.europesays.com\/lv\/wp-json\/wp\/v2\/types\/post"}],"author":[{"embeddable":true,"href":"https:\/\/www.europesays.com\/lv\/wp-json\/wp\/v2\/users\/2"}],"replies":[{"embeddable":true,"href":"https:\/\/www.europesays.com\/lv\/wp-json\/wp\/v2\/comments?post=65504"}],"version-history":[{"count":0,"href":"https:\/\/www.europesays.com\/lv\/wp-json\/wp\/v2\/posts\/65504\/revisions"}],"wp:featuredmedia":[{"embeddable":true,"href":"https:\/\/www.europesays.com\/lv\/wp-json\/wp\/v2\/media\/49516"}],"wp:attachment":[{"href":"https:\/\/www.europesays.com\/lv\/wp-json\/wp\/v2\/media?parent=65504"}],"wp:term":[{"taxonomy":"category","embeddable":true,"href":"https:\/\/www.europesays.com\/lv\/wp-json\/wp\/v2\/categories?post=65504"},{"taxonomy":"post_tag","embeddable":true,"href":"https:\/\/www.europesays.com\/lv\/wp-json\/wp\/v2\/tags?post=65504"}],"curies":[{"name":"wp","href":"https:\/\/api.w.org\/{rel}","templated":true}]}}