{"id":65507,"date":"2025-12-04T13:24:08","date_gmt":"2025-12-04T13:24:08","guid":{"rendered":"https:\/\/www.europesays.com\/lv\/65507\/"},"modified":"2025-12-04T13:24:08","modified_gmt":"2025-12-04T13:24:08","slug":"ari-piektdiena-latvija-bus-druma-un-apmakusies","status":"publish","type":"post","link":"https:\/\/www.europesays.com\/lv\/65507\/","title":{"rendered":"Ar\u012b piektdiena Latvij\u0101 b\u016bs dr\u016bma un apm\u0101kusies"},"content":{"rendered":"<p>Nakt\u012b debesis b\u016bs apm\u0101ku\u0161\u0101s, viet\u0101m gaid\u0101ms neliels lietus un smidzin\u0101\u0161ana. Saglab\u0101joties l\u0113nam dienvidaustrumu v\u0113jam, atsevi\u0161\u0137os rajonos, galvenok\u0101rt valsts austrumos, izveidosies migla ar redzam\u012bbu 500 l\u012bdz 1000 metri. Minim\u0101l\u0101 gaisa temperat\u016bra nakt\u012b b\u016bs +1, +3 gr\u0101du robe\u017e\u0101s.<\/p>\n<p>Ar\u012b R\u012bg\u0101 m\u0101ko\u0146i aizkl\u0101s debesis, tom\u0113r nakts aizrit\u0113s bez nokri\u0161\u0146iem. P\u016bt\u012bs l\u0113ns dienvidaustrumu v\u0113j\u0161, un iesp\u0113jama miglas veido\u0161an\u0101s. Gaisa temperat\u016bra neb\u016bs zem\u0101ka par +2, +3 gr\u0101diem.<\/p>\n<p>L\u012bdz\u012bgi laika apst\u0101k\u013ci saglab\u0101sies ar\u012b n\u0101kamaj\u0101 dien\u0101, kad Latvij\u0101 gaid\u0101ms m\u0101ko\u0146ains laiks un gaid\u0101mi nelieli nokri\u0161\u0146i. Gaisa temperat\u016bra dien\u0101 b\u016bs +2, +4 gr\u0101di.<\/p>\n","protected":false},"excerpt":{"rendered":"Nakt\u012b debesis b\u016bs apm\u0101ku\u0161\u0101s, viet\u0101m gaid\u0101ms neliels lietus un smidzin\u0101\u0161ana. Saglab\u0101joties l\u0113nam dienvidaustrumu v\u0113jam, atsevi\u0161\u0137os rajonos, galvenok\u0101rt valsts&hellip;\n","protected":false},"author":2,"featured_media":65508,"comment_status":"","ping_status":"","sticky":false,"template":"","format":"standard","meta":{"footnotes":""},"categories":[5],"tags":[23,28,29,32,33,22,396,397,30,31,35,39,38,36,37,34,40,20,26,27,24,25,21],"class_list":{"0":"post-65507","1":"post","2":"type-post","3":"status-publish","4":"format-standard","5":"has-post-thumbnail","7":"category-aktualitates","8":"tag-aktualitates","9":"tag-breaking-news","10":"tag-breakingnews","11":"tag-featured-news","12":"tag-featurednews","13":"tag-headlines","14":"tag-laika-zinas","15":"tag-laikapstakli","16":"tag-latest-news","17":"tag-latestnews","18":"tag-latvia","19":"tag-latvian","20":"tag-latviesu","21":"tag-latviesu-valoda","22":"tag-latviesuvaloda","23":"tag-latvija","24":"tag-lv","25":"tag-news","26":"tag-popularakas-zinas","27":"tag-popularakaszinas","28":"tag-top-stories","29":"tag-topstories","30":"tag-zinas"},"share_on_mastodon":{"url":"https:\/\/pubeurope.com\/@lv\/115661521738664810","error":""},"_links":{"self":[{"href":"https:\/\/www.europesays.com\/lv\/wp-json\/wp\/v2\/posts\/65507","targetHints":{"allow":["GET"]}}],"collection":[{"href":"https:\/\/www.europesays.com\/lv\/wp-json\/wp\/v2\/posts"}],"about":[{"href":"https:\/\/www.europesays.com\/lv\/wp-json\/wp\/v2\/types\/post"}],"author":[{"embeddable":true,"href":"https:\/\/www.europesays.com\/lv\/wp-json\/wp\/v2\/users\/2"}],"replies":[{"embeddable":true,"href":"https:\/\/www.europesays.com\/lv\/wp-json\/wp\/v2\/comments?post=65507"}],"version-history":[{"count":0,"href":"https:\/\/www.europesays.com\/lv\/wp-json\/wp\/v2\/posts\/65507\/revisions"}],"wp:featuredmedia":[{"embeddable":true,"href":"https:\/\/www.europesays.com\/lv\/wp-json\/wp\/v2\/media\/65508"}],"wp:attachment":[{"href":"https:\/\/www.europesays.com\/lv\/wp-json\/wp\/v2\/media?parent=65507"}],"wp:term":[{"taxonomy":"category","embeddable":true,"href":"https:\/\/www.europesays.com\/lv\/wp-json\/wp\/v2\/categories?post=65507"},{"taxonomy":"post_tag","embeddable":true,"href":"https:\/\/www.europesays.com\/lv\/wp-json\/wp\/v2\/tags?post=65507"}],"curies":[{"name":"wp","href":"https:\/\/api.w.org\/{rel}","templated":true}]}}