{"id":65557,"date":"2025-12-04T14:48:14","date_gmt":"2025-12-04T14:48:14","guid":{"rendered":"https:\/\/www.europesays.com\/lv\/65557\/"},"modified":"2025-12-04T14:48:14","modified_gmt":"2025-12-04T14:48:14","slug":"apstiprinati-visi-nakama-gada-budzetu-pavadosie-likumprojekti-tvnet","status":"publish","type":"post","link":"https:\/\/www.europesays.com\/lv\/65557\/","title":{"rendered":"Apstiprin\u0101ti visi n\u0101kam\u0101 gada bud\u017eetu pavado\u0161ie likumprojekti &#8211; TVNET"},"content":{"rendered":"<ol>\n<li><a href=\"https:\/\/news.google.com\/rss\/articles\/CBMilAFBVV95cUxNWV80RGx1ZGRFVmo2cEppY1ZzOF9PUFVuQ1BpRUdGNkpyX3B4ajlTNFJ1bnd0NkliZlBhOW92S0xZYV9vZXZzRW9yS2pFZTJzS0lObU5IV1pnUzBPTDhlUFdhaGR6SndzODlNd2JyQkFGX0w1VWxRcGV3VDFhbm50d2FWQ3VjVXNsSjQwalNacmlfZUIx?oc=5\" target=\"_blank\" rel=\"nofollow noopener\">Apstiprin\u0101ti visi n\u0101kam\u0101 gada bud\u017eetu pavado\u0161ie likumprojekti<\/a>&nbsp;&nbsp;TVNET<\/li>\n<li><a href=\"https:\/\/news.google.com\/rss\/articles\/CBMi7gFBVV95cUxNYmZwUVR5elk3NUVzVTVoN1lsMEl0RU42aDZmQ04tM0pnd0xzb1ZwcDBBbGt3YWlQMUQ1MjN0WG9kZjg2Nmc5dlBDaFQ0RkNFRDJPeTJYblg4dEgyN2QzZl9BUkRwRzI4QW5jbzQwbktnc0huVUZ3M2NkaTl0QTBOd2tTdFppNHVoXzV1RFZSVW80NlVzYk9yUVR6Q1QyQkt2el9tWTR0MDQwY2UydGctbGhQYXBoWVlmUHFjcGRYbGN3dWx0OGpKZFlwSjQ2WWdnYW5PNWdYMFA4NTBEVmFHcVdIbnRSNGhaajZhOWZn?oc=5\" target=\"_blank\" rel=\"nofollow noopener\">VIDEO UN TEKSTA tie\u0161raide: Saeimas otr\u0101 diena ce\u013c\u0101 uz bud\u017eeta pie\u0146em\u0161anu \u2013 to cer izdar\u012bt ceturtdien<\/a>&nbsp;&nbsp;LSM<\/li>\n<li><a href=\"https:\/\/news.google.com\/rss\/articles\/CBMirgFBVV95cUxNZ3RDT2ZNM1pYMWxtRHYzVWFtSWJpazU1d3VadVdmc0ItcDhaMlNZT1B4SDJEclk1ZzdpczhEVjROVHhMVXUwbWxlbzlnM2FuQXBkdWloX3E0MEhLUkFnbU5NTmMtNUUtdkJ5YlBKNlFKOU1EV2NqMHpJMWo4dVRMczdlUHdSRkVqTWszS1M1eGx5dmw0eXNhbTVxYmZMUlpjOUZObFpWQk50Y29XbFE?oc=5\" target=\"_blank\" rel=\"nofollow noopener\">Opoz\u012bcijai neizdodas noteikt jaunas 2026. gada bud\u017eeta priorit\u0101tes<\/a>&nbsp;&nbsp;Delfi<\/li>\n<li><a href=\"https:\/\/news.google.com\/rss\/articles\/CBMimwFBVV95cUxNSEFnWHB2b0pSd1VNNllRUnNwbGxaeDJVZzNKcG9Ga05FMnVHMU9iWWJ4Q0tJR0NaMG0zeGdOSG0waTVRNFNxNUo5MXdkYkk0SXc2VW5zR1dFd09QS1NxYWdlY0l0TzRkTWpnTjhNenJkTVNod2VRZ0JxS3ItQ1RrQ0NBYXZuSDJ4MWlCd2NHTEp6RS15QVFGNVJqSQ?oc=5\" target=\"_blank\" rel=\"nofollow noopener\">VIDEO \u27e9 Bud\u017eeta t\u0113ri\u0146i: Saeim\u0101 atbalst\u012bti ar\u012b opoz\u012bcijas priek\u0161likumi<\/a>&nbsp;&nbsp;TVNET<\/li>\n<li><a href=\"https:\/\/news.google.com\/rss\/articles\/CBMiowFBVV95cUxOMi1ySkNkaGxIWkdIS2RoQ2hBN3FYY3NYSzFoSkhCa3ZBWkpkeWoxVlo3YndCcjdiTlYtSExlaWV5em5uN3NneUdHdkUwTDNuWWRyUmNmQ2dieEM2cE9nQVpESE9hTGJMT1dfRFFmTTM5STREMzFQM1d5OHJOMEZxNDNaSWpSbF9IZG1NQ2pVMFVEYXhQQjRuc1JNcU1nbmV4dTNB?oc=5\" target=\"_blank\" rel=\"nofollow noopener\">Liel\u0101s p\u0101rmai\u0146as n\u0101kam\u0101 gada bud\u017eet\u0101: b\u0113rnu pabalsti aug, maizei un pienam \u2013 maz\u0101ks PVN<\/a>&nbsp;&nbsp;LA.LV<\/li>\n<\/ol>\n","protected":false},"excerpt":{"rendered":"Apstiprin\u0101ti visi n\u0101kam\u0101 gada bud\u017eetu pavado\u0161ie likumprojekti&nbsp;&nbsp;TVNET VIDEO UN TEKSTA tie\u0161raide: Saeimas otr\u0101 diena ce\u013c\u0101 uz bud\u017eeta pie\u0146em\u0161anu&hellip;\n","protected":false},"author":2,"featured_media":65558,"comment_status":"","ping_status":"","sticky":false,"template":"","format":"standard","meta":{"footnotes":""},"categories":[5],"tags":[23,28,29,32,33,22,30,31,35,39,38,36,37,34,40,20,756,6477,26,27,141,24,25,331,21],"class_list":{"0":"post-65557","1":"post","2":"type-post","3":"status-publish","4":"format-standard","5":"has-post-thumbnail","7":"category-aktualitates","8":"tag-aktualitates","9":"tag-breaking-news","10":"tag-breakingnews","11":"tag-featured-news","12":"tag-featurednews","13":"tag-headlines","14":"tag-latest-news","15":"tag-latestnews","16":"tag-latvia","17":"tag-latvian","18":"tag-latviesu","19":"tag-latviesu-valoda","20":"tag-latviesuvaloda","21":"tag-latvija","22":"tag-lv","23":"tag-news","24":"tag-nodokli","25":"tag-nodokli-un-likumi","26":"tag-popularakas-zinas","27":"tag-popularakaszinas","28":"tag-saeima","29":"tag-top-stories","30":"tag-topstories","31":"tag-valsts-budzets","32":"tag-zinas"},"share_on_mastodon":{"url":"https:\/\/pubeurope.com\/@lv\/115661852147035726","error":""},"_links":{"self":[{"href":"https:\/\/www.europesays.com\/lv\/wp-json\/wp\/v2\/posts\/65557","targetHints":{"allow":["GET"]}}],"collection":[{"href":"https:\/\/www.europesays.com\/lv\/wp-json\/wp\/v2\/posts"}],"about":[{"href":"https:\/\/www.europesays.com\/lv\/wp-json\/wp\/v2\/types\/post"}],"author":[{"embeddable":true,"href":"https:\/\/www.europesays.com\/lv\/wp-json\/wp\/v2\/users\/2"}],"replies":[{"embeddable":true,"href":"https:\/\/www.europesays.com\/lv\/wp-json\/wp\/v2\/comments?post=65557"}],"version-history":[{"count":0,"href":"https:\/\/www.europesays.com\/lv\/wp-json\/wp\/v2\/posts\/65557\/revisions"}],"wp:featuredmedia":[{"embeddable":true,"href":"https:\/\/www.europesays.com\/lv\/wp-json\/wp\/v2\/media\/65558"}],"wp:attachment":[{"href":"https:\/\/www.europesays.com\/lv\/wp-json\/wp\/v2\/media?parent=65557"}],"wp:term":[{"taxonomy":"category","embeddable":true,"href":"https:\/\/www.europesays.com\/lv\/wp-json\/wp\/v2\/categories?post=65557"},{"taxonomy":"post_tag","embeddable":true,"href":"https:\/\/www.europesays.com\/lv\/wp-json\/wp\/v2\/tags?post=65557"}],"curies":[{"name":"wp","href":"https:\/\/api.w.org\/{rel}","templated":true}]}}