{"id":65594,"date":"2025-12-04T15:34:08","date_gmt":"2025-12-04T15:34:08","guid":{"rendered":"https:\/\/www.europesays.com\/lv\/65594\/"},"modified":"2025-12-04T15:34:08","modified_gmt":"2025-12-04T15:34:08","slug":"krievi-bombarde-ukrainu-ar-ballistiskajam-raketem-un-droniem-ir-cietusie-tv3-lv","status":"publish","type":"post","link":"https:\/\/www.europesays.com\/lv\/65594\/","title":{"rendered":"Krievi bombard\u0113 Ukrainu ar ballistiskaj\u0101m ra\u0137et\u0113m un droniem; ir cietu\u0161ie &#8211; tv3.lv"},"content":{"rendered":"<ol>\n<li><a href=\"https:\/\/news.google.com\/rss\/articles\/CBMipwFBVV95cUxQdkc3NXZuWWthbmxDbl9xc3hBT21RdXJGY25XOWVGc3c1RmxYb1pzR3dvS1dkblJacy1GT0VHZWpENjdGS1RTckJCMDM5blVMUUZOdkJXb2ZxZF9MeVFDVk1yUTJDeWo5STNmZjZhM3Ryd0JWdWtJM2YzbkRWR3VudEEzUlhJOHFKZ2tiTHNjbHkzWDJLWVJvZFRaMG1ZbUJ3S25Ccl80RQ?oc=5\" target=\"_blank\" rel=\"nofollow noopener\">Krievi bombard\u0113 Ukrainu ar ballistiskaj\u0101m ra\u0137et\u0113m un droniem; ir cietu\u0161ie<\/a>&nbsp;&nbsp;tv3.lv<\/li>\n<li><a href=\"https:\/\/news.google.com\/rss\/articles\/CBMie0FVX3lxTE1NcGVrRzVsU2IzUzAtdmY5c3pJQUt2eWxLd0tMTTJvWFd3OURYbVRlZHFSanNFYjg4RmVOWHdZLVFoNVZORmh5eGNBT2NBTG1qY2w1STFtbG1IMFN2eXNGdWRKMUMtOHJJbHZVOTM0ZXd0QzdTYkhaUUw0VQ?oc=5\" target=\"_blank\" rel=\"nofollow noopener\">Krievija uzbrukusi Ukrainai ar 111 droniem<\/a>&nbsp;&nbsp;TVNET<\/li>\n<li><a href=\"https:\/\/news.google.com\/rss\/articles\/CBMirAFBVV95cUxQR2xLc1R4dlJGa2VZNjRTOE0zWGdGZ1AzdzN5cHhTNGpKTlI4S01iOVN4RlMtMGNiTFdlMzAyVHZhZFp0VTZpS292QmVOUTFETmhVeWdzSGktbXEybE9KWGt3OUJ1bUdSZHViY1BkazdKV29ZN0EtWXBXUzZMb3o0eFROYjVDaUg3TzZYbGZDZFc5dU9wZVdVTld1SHhibzFZRDEydnc1SEZOYTZz?oc=5\" target=\"_blank\" rel=\"nofollow noopener\">Krievijas gaisa triecienos Ukrain\u0101 vair\u0101ki upuri \/ Raksts<\/a>&nbsp;&nbsp;LSM<\/li>\n<li><a href=\"https:\/\/news.google.com\/rss\/articles\/CBMinwFBVV95cUxPR1hvWjByd3FxSWZLYmZiOFRrUzJGV1Z5SU12ZENkSGNmODBEei1wangxMlNLbWxHX01iQTRnNm44end0ZV9teGk3NWxtdWd5bktGTkM2cGxvbzVPOVhmX1F0Skp5ZjZhWWx1NlhSVnBkQVYtdl85dFJwbnJLbXBlR3N0cGhQdDBQSHFPQWg4WkFlZ25tOGpZZ2JVT0JzVXc?oc=5\" target=\"_blank\" rel=\"nofollow noopener\">Krievija novembr\u012b pastiprin\u0101jusi dronu un ra\u0137e\u0161u uzbrukumus Ukrainai<\/a>&nbsp;&nbsp;Apollo.lv<\/li>\n<li><a href=\"https:\/\/news.google.com\/rss\/articles\/CBMivgFBVV95cUxPaHBhM2d2Z2Z1ZnBjZjYwNmwzTFAwSmRGNkhqYzdZOFJzdTlWY1Jvak5hN2VUbFE3ZmRwemtrRmU0ekNfX205ZVRaNy16RFZEVVVGLWVNZ2FzUnZBRC1KdFg5T29YQnZCUjNuMGg5dUhBZzlLN1lwZkxuam1xOER6ckl5ODk2OW14eklwVXFSU0E4TjBFS2tVbWwxUUhtbVZyRDF0VnhyaWFtc2o4UzN4QXJCNkVMQ25FaWRjeFV3?oc=5\" target=\"_blank\" rel=\"nofollow noopener\">Diktatora Putina &#8220;kara pl\u0101n\u0101&#8221; ir divi punkti, pazi\u0146o Ukrainas \u0101rlietu ministrs Sibiha<\/a>&nbsp;&nbsp;Jauns.lv<\/li>\n<\/ol>\n","protected":false},"excerpt":{"rendered":"Krievi bombard\u0113 Ukrainu ar ballistiskaj\u0101m ra\u0137et\u0113m un droniem; ir cietu\u0161ie&nbsp;&nbsp;tv3.lv Krievija uzbrukusi Ukrainai ar 111 droniem&nbsp;&nbsp;TVNET Krievijas gaisa&hellip;\n","protected":false},"author":2,"featured_media":65595,"comment_status":"","ping_status":"","sticky":false,"template":"","format":"standard","meta":{"footnotes":""},"categories":[14],"tags":[23,57,28,29,32,33,22,8597,30,31,35,39,38,36,37,34,40,20,26,27,24,25,54,55,56,21,58],"class_list":{"0":"post-65594","1":"post","2":"type-post","3":"status-publish","4":"format-standard","5":"has-post-thumbnail","7":"category-zinas-no-arvalstim","8":"tag-aktualitates","9":"tag-arvalstim","10":"tag-breaking-news","11":"tag-breakingnews","12":"tag-featured-news","13":"tag-featurednews","14":"tag-headlines","15":"tag-kars-ukrainakrievijas-agresijakrievijas-iebrukums-ukraina","16":"tag-latest-news","17":"tag-latestnews","18":"tag-latvia","19":"tag-latvian","20":"tag-latviesu","21":"tag-latviesu-valoda","22":"tag-latviesuvaloda","23":"tag-latvija","24":"tag-lv","25":"tag-news","26":"tag-popularakas-zinas","27":"tag-popularakaszinas","28":"tag-top-stories","29":"tag-topstories","30":"tag-world","31":"tag-world-news","32":"tag-worldnews","33":"tag-zinas","34":"tag-zinas-no-arvalstim"},"share_on_mastodon":{"url":"https:\/\/pubeurope.com\/@lv\/115662032935078030","error":""},"_links":{"self":[{"href":"https:\/\/www.europesays.com\/lv\/wp-json\/wp\/v2\/posts\/65594","targetHints":{"allow":["GET"]}}],"collection":[{"href":"https:\/\/www.europesays.com\/lv\/wp-json\/wp\/v2\/posts"}],"about":[{"href":"https:\/\/www.europesays.com\/lv\/wp-json\/wp\/v2\/types\/post"}],"author":[{"embeddable":true,"href":"https:\/\/www.europesays.com\/lv\/wp-json\/wp\/v2\/users\/2"}],"replies":[{"embeddable":true,"href":"https:\/\/www.europesays.com\/lv\/wp-json\/wp\/v2\/comments?post=65594"}],"version-history":[{"count":0,"href":"https:\/\/www.europesays.com\/lv\/wp-json\/wp\/v2\/posts\/65594\/revisions"}],"wp:featuredmedia":[{"embeddable":true,"href":"https:\/\/www.europesays.com\/lv\/wp-json\/wp\/v2\/media\/65595"}],"wp:attachment":[{"href":"https:\/\/www.europesays.com\/lv\/wp-json\/wp\/v2\/media?parent=65594"}],"wp:term":[{"taxonomy":"category","embeddable":true,"href":"https:\/\/www.europesays.com\/lv\/wp-json\/wp\/v2\/categories?post=65594"},{"taxonomy":"post_tag","embeddable":true,"href":"https:\/\/www.europesays.com\/lv\/wp-json\/wp\/v2\/tags?post=65594"}],"curies":[{"name":"wp","href":"https:\/\/api.w.org\/{rel}","templated":true}]}}