{"id":65700,"date":"2025-12-04T18:19:05","date_gmt":"2025-12-04T18:19:05","guid":{"rendered":"https:\/\/www.europesays.com\/lv\/65700\/"},"modified":"2025-12-04T18:19:05","modified_gmt":"2025-12-04T18:19:05","slug":"diasporas-kori-visa-pasaule-uzsak-gatavosanos-raimonda-paula-dziesmu-svetkiem-manai-dzimtenei","status":"publish","type":"post","link":"https:\/\/www.europesays.com\/lv\/65700\/","title":{"rendered":"Diasporas kori vis\u0101 pasaul\u0113 uzs\u0101k gatavo\u0161anos Raimonda Paula dziesmu sv\u0113tkiem \u201cManai Dzimtenei\u201d"},"content":{"rendered":"<p>Dal\u012bbu apstiprin\u0101ju\u0161i kori no Anglijas, \u012arijas, Francijas, V\u0101cijas, N\u012bderlandes, Luksemburgas, Skandin\u0101vijas valst\u012bm, It\u0101lijas, ASV un pat t\u0101l\u0101s Braz\u012blijas. \u0160ie kori ir k\u013cuvu\u0161i par b\u016btisku un emocion\u0101li \u013coti noz\u012bm\u012bgu da\u013cu no sv\u0113tku kopkora saimes, apliecinot, ka latvie\u0161u kora trad\u012bcija dz\u012bvo un att\u012bst\u0101s ar\u012b \u0101rpus Latvijas robe\u017e\u0101m.<\/p>\n<p>Diasporas kori jau vair\u0101kus gadus ir ar\u012b neat\u0146emama Visp\u0101r\u0113jo latvie\u0161u Dziesmu un deju sv\u0113tku sast\u0101vda\u013ca. Daudzi kori sav\u0101s m\u012btnes zem\u0113s str\u0101d\u0101 regul\u0101ri, piedal\u0101s viet\u0113jos festiv\u0101los, r\u012bko sv\u0113tku ieska\u0146as koncertus un akt\u012bvi uztur latvisko identit\u0101ti, veidojot kult\u016bras tiltus starp Latviju un pasauli. Diasporas kolekt\u012bvu l\u012bdzdal\u012bba k\u013cuvusi par spilgtu apliecin\u0101jumu Latvijas Dziesmu sv\u0113tku trad\u012bcijas glob\u0101lajai elpai \u2013 lai kur pasaul\u0113 dz\u012bvotu latvie\u0161i, kop\u012bg\u0101 dzied\u0101\u0161ana joproj\u0101m vieno un dod pieder\u012bbas saj\u016btu.<\/p>\n","protected":false},"excerpt":{"rendered":"Dal\u012bbu apstiprin\u0101ju\u0161i kori no Anglijas, \u012arijas, Francijas, V\u0101cijas, N\u012bderlandes, Luksemburgas, Skandin\u0101vijas valst\u012bm, It\u0101lijas, ASV un pat t\u0101l\u0101s Braz\u012blijas.&hellip;\n","protected":false},"author":2,"featured_media":65701,"comment_status":"","ping_status":"","sticky":false,"template":"","format":"standard","meta":{"footnotes":""},"categories":[19],"tags":[89,90,9566,35,39,38,36,37,34,40,17034,2672],"class_list":{"0":"post-65700","1":"post","2":"type-post","3":"status-publish","4":"format-standard","5":"has-post-thumbnail","7":"category-izklaide","8":"tag-entertainment","9":"tag-izklaide","10":"tag-koris","11":"tag-latvia","12":"tag-latvian","13":"tag-latviesu","14":"tag-latviesu-valoda","15":"tag-latviesuvaloda","16":"tag-latvija","17":"tag-lv","18":"tag-manai-dzimtenei","19":"tag-raimonds-pauls"},"share_on_mastodon":{"url":"https:\/\/pubeurope.com\/@lv\/115662681884611144","error":""},"_links":{"self":[{"href":"https:\/\/www.europesays.com\/lv\/wp-json\/wp\/v2\/posts\/65700","targetHints":{"allow":["GET"]}}],"collection":[{"href":"https:\/\/www.europesays.com\/lv\/wp-json\/wp\/v2\/posts"}],"about":[{"href":"https:\/\/www.europesays.com\/lv\/wp-json\/wp\/v2\/types\/post"}],"author":[{"embeddable":true,"href":"https:\/\/www.europesays.com\/lv\/wp-json\/wp\/v2\/users\/2"}],"replies":[{"embeddable":true,"href":"https:\/\/www.europesays.com\/lv\/wp-json\/wp\/v2\/comments?post=65700"}],"version-history":[{"count":0,"href":"https:\/\/www.europesays.com\/lv\/wp-json\/wp\/v2\/posts\/65700\/revisions"}],"wp:featuredmedia":[{"embeddable":true,"href":"https:\/\/www.europesays.com\/lv\/wp-json\/wp\/v2\/media\/65701"}],"wp:attachment":[{"href":"https:\/\/www.europesays.com\/lv\/wp-json\/wp\/v2\/media?parent=65700"}],"wp:term":[{"taxonomy":"category","embeddable":true,"href":"https:\/\/www.europesays.com\/lv\/wp-json\/wp\/v2\/categories?post=65700"},{"taxonomy":"post_tag","embeddable":true,"href":"https:\/\/www.europesays.com\/lv\/wp-json\/wp\/v2\/tags?post=65700"}],"curies":[{"name":"wp","href":"https:\/\/api.w.org\/{rel}","templated":true}]}}