{"id":65727,"date":"2025-12-04T18:49:14","date_gmt":"2025-12-04T18:49:14","guid":{"rendered":"https:\/\/www.europesays.com\/lv\/65727\/"},"modified":"2025-12-04T18:49:14","modified_gmt":"2025-12-04T18:49:14","slug":"noklausies-dziedataja-emilija-izdod-singlu-un-posas-solokoncertam","status":"publish","type":"post","link":"https:\/\/www.europesays.com\/lv\/65727\/","title":{"rendered":"Noklausies! Dzied\u0101t\u0101ja Emilija izdod singlu un po\u0161as solokoncertam"},"content":{"rendered":"<p>Dzied\u0101t\u0101ja Emilija (Emilija B\u0113rzi\u0146a) lai\u017e klaj\u0101 konkursa &#8220;Supernova&#8221; dziesmu &#8220;All we ever had&#8221; un izzi\u0146o savu pirmo solokoncertu &#8220;Tintes st\u0101sts&#8221; koncertz\u0101l\u0113 &#8220;Palladium&#8221;.<\/p>\n<p>&#8220;Esmu piedz\u012bvojusi vil\u0161an\u0101s saj\u016btu un c\u012bnos par taisn\u012bgumu pasaul\u0113. Visas emocijas, kuras man sakr\u0101ju\u0161\u0101s, ieliku \u0161\u012bs dziesmas v\u0101rdos. Tas nebija vienk\u0101r\u0161i, ta\u010du \u0161\u0137iet, ka izdevusies dziesma, kas sp\u0113j aizkustin\u0101t. Tas ir person\u012bgs v\u0113st\u012bjums, kur\u0101 pati sev lieku ska\u013ci run\u0101t par to, kas ir noklus\u0113ts un kas mani, k\u0101 m\u016bzi\u0137i, bied\u0113,&#8221; par &#8220;All we ever had&#8221; st\u0101sta Emilija. Dziesmas muzik\u0101lais producents un l\u012bdzautors ir zviedru m\u016bzi\u0137is Povels Olsons (Povel Olsson).<\/p>\n<p class=\"m-0\">Seko &#8220;Delfi&#8221; ar\u012b  <a target=\"_blank\" href=\"https:\/\/www.instagram.com\/delfi.lv\/\" rel=\"nofollow noopener\">Instagram<\/a>  un <a target=\"_blank\" href=\"https:\/\/www.youtube.com\/channel\/UCw5foWtcJvAbUm64rv7jwUQ\" rel=\"nofollow noopener\">YouTube<\/a>  profil\u0101 \u2013 pievienojies, lai uzzin\u0101tu svar\u012bg\u0101ko un interesant\u0101ko pirmais!<\/p>\n<p>Publik\u0101cijas saturs vai t\u0101s jebk\u0101da apjoma da\u013ca ir aizsarg\u0101ts autorties\u012bbu objekts Autorties\u012bbu likuma izpratn\u0113, un t\u0101 izmanto\u0161ana bez izdev\u0113ja at\u013caujas ir aizliegta. Vair\u0101k lasi  <a target=\"_blank\" href=\"https:\/\/www.delfi.lv\/noteikumi#autortiesibas\" rel=\"nofollow noopener\">\u0161eit<\/a><script async src=\"\/\/www.instagram.com\/embed.js\"><\/script><\/p>\n","protected":false},"excerpt":{"rendered":"Dzied\u0101t\u0101ja Emilija (Emilija B\u0113rzi\u0146a) lai\u017e klaj\u0101 konkursa &#8220;Supernova&#8221; dziesmu &#8220;All we ever had&#8221; un izzi\u0146o savu pirmo solokoncertu&hellip;\n","protected":false},"author":2,"featured_media":65728,"comment_status":"","ping_status":"","sticky":false,"template":"","format":"standard","meta":{"footnotes":""},"categories":[19],"tags":[307,89,90,35,39,38,36,37,34,40,103,3926],"class_list":{"0":"post-65727","1":"post","2":"type-post","3":"status-publish","4":"format-standard","5":"has-post-thumbnail","7":"category-izklaide","8":"tag-emilija-berzina","9":"tag-entertainment","10":"tag-izklaide","11":"tag-latvia","12":"tag-latvian","13":"tag-latviesu","14":"tag-latviesu-valoda","15":"tag-latviesuvaloda","16":"tag-latvija","17":"tag-lv","18":"tag-muzika","19":"tag-supernova"},"share_on_mastodon":{"url":"https:\/\/pubeurope.com\/@lv\/115662799710551649","error":""},"_links":{"self":[{"href":"https:\/\/www.europesays.com\/lv\/wp-json\/wp\/v2\/posts\/65727","targetHints":{"allow":["GET"]}}],"collection":[{"href":"https:\/\/www.europesays.com\/lv\/wp-json\/wp\/v2\/posts"}],"about":[{"href":"https:\/\/www.europesays.com\/lv\/wp-json\/wp\/v2\/types\/post"}],"author":[{"embeddable":true,"href":"https:\/\/www.europesays.com\/lv\/wp-json\/wp\/v2\/users\/2"}],"replies":[{"embeddable":true,"href":"https:\/\/www.europesays.com\/lv\/wp-json\/wp\/v2\/comments?post=65727"}],"version-history":[{"count":0,"href":"https:\/\/www.europesays.com\/lv\/wp-json\/wp\/v2\/posts\/65727\/revisions"}],"wp:featuredmedia":[{"embeddable":true,"href":"https:\/\/www.europesays.com\/lv\/wp-json\/wp\/v2\/media\/65728"}],"wp:attachment":[{"href":"https:\/\/www.europesays.com\/lv\/wp-json\/wp\/v2\/media?parent=65727"}],"wp:term":[{"taxonomy":"category","embeddable":true,"href":"https:\/\/www.europesays.com\/lv\/wp-json\/wp\/v2\/categories?post=65727"},{"taxonomy":"post_tag","embeddable":true,"href":"https:\/\/www.europesays.com\/lv\/wp-json\/wp\/v2\/tags?post=65727"}],"curies":[{"name":"wp","href":"https:\/\/api.w.org\/{rel}","templated":true}]}}