{"id":65813,"date":"2025-12-04T20:47:05","date_gmt":"2025-12-04T20:47:05","guid":{"rendered":"https:\/\/www.europesays.com\/lv\/65813\/"},"modified":"2025-12-04T20:47:05","modified_gmt":"2025-12-04T20:47:05","slug":"aseradens-verte-2026-gada-budzetu-ka-valstiski-atbildigu-apollo-lv","status":"publish","type":"post","link":"https:\/\/www.europesays.com\/lv\/65813\/","title":{"rendered":"A\u0161eradens v\u0113rt\u0113 2026. gada bud\u017eetu k\u0101 valstiski atbild\u012bgu &#8211; Apollo.lv"},"content":{"rendered":"<ol>\n<li><a href=\"https:\/\/news.google.com\/rss\/articles\/CBMijwFBVV95cUxQTEdPRjJmLURDN0dyV3JpRnVxX2ZWZ2NqQjlhTHFTakRqR05sSC14SHpLQmE2OS1ld1lhRnVXV2Q1VEZkZmhVc29zYWdtY1E4QWFSdy1ZdVNaZlhsc25vYzUwLWtuTlR1aTlaVGJhdzFhV1M3cE5KeHF6b2tPSHBqR2hPVGFfYnN4VU5LbFB3WQ?oc=5\" target=\"_blank\" rel=\"nofollow noopener\">A\u0161eradens v\u0113rt\u0113 2026. gada bud\u017eetu k\u0101 valstiski atbild\u012bgu<\/a>&nbsp;&nbsp;Apollo.lv<\/li>\n<li><a href=\"https:\/\/news.google.com\/rss\/articles\/CBMiggJBVV95cUxPTkFpUGN4d3E3dnVEam9ZME1PaV82YzVhdDJsbEh3aS1mMGNYdXRYVmZEOHRrZnkzUW9iYTFQSFVYd1I1U2NOelliemdZbjlNWjJCZWNVSmlHMFVEVTJvd2ZOdEZ4a3AyZXFBeDJrbnB1QWVYYnJMX000WUR4MkJoSTdETlhVeXdlTmRjV0x1cnVKc3Ytb0xwNWVXNnZfOFpJdUdMNGhjdXpFWmNGaUNDcFJaUC1KSjZpZU9nN0JCcENuRjRPOFBZUXBUY19uWTl3SG9BMl9UOEtkOVBoTFg2YTVvVnNkbHdSNlh1MFQ5TkdoeUdjZERUbWxteDQ4ckdZbXc?oc=5\" target=\"_blank\" rel=\"nofollow noopener\">Saeim\u0101 otraj\u0101 dien\u0101 ierasti daudz deba\u0161u par neatbalst\u012btajiem opoz\u012bcijas priek\u0161likumiem (Teksta tie\u0161raides arh\u012bvs)<\/a>&nbsp;&nbsp;LSM<\/li>\n<li><a href=\"https:\/\/news.google.com\/rss\/articles\/CBMiygFBVV95cUxPbDNjZDBZUHRiaU1VVVM3VXpNX2N5emxsTGR4aW1GalBWZ1dNcnRZTzFxUTJuLUQydW1XbGRTY3RpLTN0S0RMMF95d0FuenphaWVlRjMtbnpXTTRIR2pTVTBpNFNkNm9PX0NqS0J6MEh5VjhTSHpvei01Zzlqek9HUlIxcFR3TFNOZ0tHc2QtYU1PX2tPR2Jac293eVluX1Y4VWI3WnBvcjB6ZDZyX3hYUHBFdVh6OGpmYUlMYlhtSjVZX1NWSG1lSGdR?oc=5\" target=\"_blank\" rel=\"nofollow noopener\">Liel\u0101ki pabalsti \u0123imen\u0113m un vair\u0101k naudas aizsardz\u012bbai \u2013 Saeima pie\u0146em 2026. gada bud\u017eetu<\/a>&nbsp;&nbsp;Delfi<\/li>\n<li><a href=\"https:\/\/news.google.com\/rss\/articles\/CBMipwFBVV95cUxPcHNrRFh4LWZRVlZTUzFuNC1TVU41UlVRREFNREZfRWhuanhlV0h4d3hxVEl6WmY3azRYVUtVSHhfWWQtTGtob3NvRHowQXd2dk5CVC0yUTM4QS1BbDN1aVZoZDVtdEcxWHN2OHNiMkpIbktBMXg5QkRLNlNDLVc5ZVBLMWtvV0hQb085bHVQYVpra05MMnVCRERIcFpOUGdBTFctbERIZw?oc=5\" target=\"_blank\" rel=\"nofollow noopener\">Parlament\u0101rie\u0161i izskat\u012bju\u0161i pusi no 290 priek\u0161likumiem n\u0101kam\u0101 gada bud\u017eetam<\/a>&nbsp;&nbsp;TVNET<\/li>\n<li><a href=\"https:\/\/news.google.com\/rss\/articles\/CBMickFVX3lxTFBELXY1TDNUVU1UWVkxQ25MakFpT2hUZVhBVnZIRkxYUnczcVZjcDlPOGYzeE5zbXlMV3pINGVMNnBQQXE3SnJlRk5JNjRVMS1kWFBDV2g4MW5ZVlBoNnhxUGlhU2RYMFZjRmZtazlBVWNwQQ?oc=5\" target=\"_blank\" rel=\"nofollow noopener\">Saeima pie\u0146\u0113musi 2026. gada bud\u017eetu \u2013 defic\u012bts 3,3% no IKP<\/a>&nbsp;&nbsp;LA.LV<\/li>\n<\/ol>\n","protected":false},"excerpt":{"rendered":"A\u0161eradens v\u0113rt\u0113 2026. gada bud\u017eetu k\u0101 valstiski atbild\u012bgu&nbsp;&nbsp;Apollo.lv Saeim\u0101 otraj\u0101 dien\u0101 ierasti daudz deba\u0161u par neatbalst\u012btajiem opoz\u012bcijas priek\u0161likumiem&hellip;\n","protected":false},"author":2,"featured_media":65814,"comment_status":"","ping_status":"","sticky":false,"template":"","format":"standard","meta":{"footnotes":""},"categories":[12],"tags":[23,3025,28,29,32,33,22,30,31,35,39,38,36,37,34,40,20,26,27,141,24,25,331,21],"class_list":{"0":"post-65813","1":"post","2":"type-post","3":"status-publish","4":"format-standard","5":"has-post-thumbnail","7":"category-latvija","8":"tag-aktualitates","9":"tag-arvils-aseradens","10":"tag-breaking-news","11":"tag-breakingnews","12":"tag-featured-news","13":"tag-featurednews","14":"tag-headlines","15":"tag-latest-news","16":"tag-latestnews","17":"tag-latvia","18":"tag-latvian","19":"tag-latviesu","20":"tag-latviesu-valoda","21":"tag-latviesuvaloda","22":"tag-latvija","23":"tag-lv","24":"tag-news","25":"tag-popularakas-zinas","26":"tag-popularakaszinas","27":"tag-saeima","28":"tag-top-stories","29":"tag-topstories","30":"tag-valsts-budzets","31":"tag-zinas"},"share_on_mastodon":{"url":"https:\/\/pubeurope.com\/@lv\/115663263730426290","error":""},"_links":{"self":[{"href":"https:\/\/www.europesays.com\/lv\/wp-json\/wp\/v2\/posts\/65813","targetHints":{"allow":["GET"]}}],"collection":[{"href":"https:\/\/www.europesays.com\/lv\/wp-json\/wp\/v2\/posts"}],"about":[{"href":"https:\/\/www.europesays.com\/lv\/wp-json\/wp\/v2\/types\/post"}],"author":[{"embeddable":true,"href":"https:\/\/www.europesays.com\/lv\/wp-json\/wp\/v2\/users\/2"}],"replies":[{"embeddable":true,"href":"https:\/\/www.europesays.com\/lv\/wp-json\/wp\/v2\/comments?post=65813"}],"version-history":[{"count":0,"href":"https:\/\/www.europesays.com\/lv\/wp-json\/wp\/v2\/posts\/65813\/revisions"}],"wp:featuredmedia":[{"embeddable":true,"href":"https:\/\/www.europesays.com\/lv\/wp-json\/wp\/v2\/media\/65814"}],"wp:attachment":[{"href":"https:\/\/www.europesays.com\/lv\/wp-json\/wp\/v2\/media?parent=65813"}],"wp:term":[{"taxonomy":"category","embeddable":true,"href":"https:\/\/www.europesays.com\/lv\/wp-json\/wp\/v2\/categories?post=65813"},{"taxonomy":"post_tag","embeddable":true,"href":"https:\/\/www.europesays.com\/lv\/wp-json\/wp\/v2\/tags?post=65813"}],"curies":[{"name":"wp","href":"https:\/\/api.w.org\/{rel}","templated":true}]}}