{"id":65837,"date":"2025-12-04T21:19:19","date_gmt":"2025-12-04T21:19:19","guid":{"rendered":"https:\/\/www.europesays.com\/lv\/65837\/"},"modified":"2025-12-04T21:19:19","modified_gmt":"2025-12-04T21:19:19","slug":"3-un-4-julija-festivals-straume-svines-piecu-gadu-jubileju","status":"publish","type":"post","link":"https:\/\/www.europesays.com\/lv\/65837\/","title":{"rendered":"3. un 4. j\u016blij\u0101 festiv\u0101ls STRAUME svin\u0113s piecu gadu jubileju"},"content":{"rendered":"<p>3. un 4. j\u016blij\u0101 norisin\u0101sies Latvijas urb\u0101n\u0101s kult\u016bras spilgt\u0101kais notikums\u00a0 \u2014 hiphopa festiv\u0101ls \u201cSTRAUME\u201926\u201d, kas n\u0101kamaj\u0101 gad\u0101 svin\u0113s savu piecu gadu jubileju. Divu dienu garum\u0101 festiv\u0101la apmekl\u0113t\u0101jus sagaid\u012bs pla\u0161a m\u0101kslinieku programma: ener\u0123iski \u017eanra spilgt\u0101ko p\u0101rst\u0101vju koncerti, jauni sadarb\u012bbas projekti un \u012bpa\u0161i jubilejas p\u0101rsteigumi. Pirmie zin\u0101mie m\u0101kslinieki, kuri uzst\u0101sies festiv\u0101l\u0101 ir ansis un Marko &amp; galaktik.<\/p>\n<p><img loading=\"lazy\" decoding=\"async\" width=\"1024\" height=\"683\" data-id=\"12846\" src=\"https:\/\/www.europesays.com\/lv\/wp-content\/uploads\/2025\/12\/photo_richy_straume-481-1024x683.jpg\" alt=\"\" class=\"wp-image-12846 lazyload\"  data- style=\"--smush-placeholder-width: 1024px; --smush-placeholder-aspect-ratio: 1024\/683;\"\/>Foto: Ri\u010dards Zari\u0146\u0161<\/p>\n<p><img loading=\"lazy\" decoding=\"async\" width=\"1024\" height=\"679\" data-id=\"12844\" src=\"https:\/\/www.europesays.com\/lv\/wp-content\/uploads\/2025\/12\/gustavsJPG004041850001-1024x679.jpg\" alt=\"\" class=\"wp-image-12844 lazyload\"  data- style=\"--smush-placeholder-width: 1024px; --smush-placeholder-aspect-ratio: 1024\/679;\"\/>Foto: Gustavs Skenders<\/p>\n<p>Festiv\u0101la \u201cSTRAUME\u201d organizatori jau piecus gadus veido platformu Latvijas hiphopa m\u0101ksliniekiem, DJ un producentiem, vienl\u012bdz izce\u013cot visas latvie\u0161u hiphopa paaudzes un da\u017e\u0101dos skan\u0113jumus, kas atkl\u0101j \u017eanra bag\u0101t\u012bgo daudzveid\u012bbu. Piecgades programm\u0101 gaid\u0101ma \u012bsta zvaig\u017e\u0146u izlase \u2014 pa\u0161m\u0101ju liel\u0101kie hiphopa v\u0101rdi k\u0101 ar\u012b jauni sadarb\u012bbas projekti, kas nu jau ir k\u013cuvusi par neat\u0146emamu festiv\u0101la sast\u0101vda\u013cu.<\/p>\n<blockquote class=\"wp-block-quote\">\n<p>Mums ir svar\u012bgi rad\u012bt vietu, kur m\u0101kslinieki var br\u012bvi izpausties, un klaus\u012bt\u0101ji \u2014 piedz\u012bvot hiphopu t\u0101 visda\u017e\u0101d\u0101kaj\u0101s form\u0101s. Pieci gadi ir apliecin\u0101jums tam, ka \u017eanra m\u0101kslinieku kopiena turpina augt, un aug ar\u012b festiv\u0101la apmekl\u0113t\u0101ju skaits \u2014 jo \u0161\u012b programma piesaista ne tikai hiphopa fanus, bet ar\u012b pla\u0161u m\u016bzikas cien\u012bt\u0101ju loku,<\/p>\n<p>uzsver festiv\u0101la producents Arnolds Zeitmanis.<\/p><\/blockquote>\n<p>ansis ir viens no Latvijas hiphopa meistariem, kuram rakstur\u012bg\u0101 r\u012bmju arhitekt\u016bra un tekstu dzi\u013cums pace\u013c \u017eanru cit\u0101 kvalit\u0101t\u0113 \u2013 ielas est\u0113tika apvienojas ar intelektu\u0101lu st\u0101st\u012bjumu. Katrs an\u0161a ieraksts ir r\u016bp\u012bgi sl\u012bp\u0113ts v\u0113st\u012bjums.<\/p>\n<p>Marko ir reperis, kur\u0161 debit\u0113ja 2020. gad\u0101 un kop\u0161 t\u0101 laika guvis pla\u0161u atzin\u012bbu, sadarbojoties ar Latvijas hiphopa lielv\u0101rdiem. \u0160ogad vi\u0146\u0161 izdevis t\u0101dus klaus\u012bt\u0101ju iecien\u012btus singlus k\u0101 \u201cP\u013cavu P\u0101vests Freestyle 3\u201d, \u201c5AM in Whitechapel\u201d un \u201cMalaga Freestyle\u201d. \u0160oziem Makro sola izdot ar\u012b \u012bpa\u0161i gaid\u012bto kopalbumu ar galaktik, pie kura abi str\u0101d\u0101ju\u0161i jau ilgu laiku.<\/p>\n<p>Festiv\u0101la\u00a0\u201cStraume\u201d\u00a0norises vieta nemain\u012bgi ir\u00a0\u201cZeit\u201d rado\u0161ais kvart\u0101ls, kas atrodas Gaujas Nacion\u0101l\u0101 parka sird\u012b\u00a0L\u012bgatn\u0113\u00a0(Gaujas iel\u0101 4). Kvart\u0101la priek\u0161roc\u012bbas ir infrastrukt\u016bra un festiv\u0101la teritorija, kas labiek\u0101rtota t\u0101, lai apmekl\u0113t\u0101jiem b\u016btu gan vieta, kur izl\u0113k\u0101ties skatuves priek\u0161\u0101, gan iesp\u0113ja mier\u012bgi pas\u0113d\u0113t un baud\u012bt koncertus no malas pie galdi\u0146iem vai pat no gaisa \u2013 tur eso\u0161aj\u0101 t\u012bklu park\u0101.<\/p>\n<p><img loading=\"lazy\" decoding=\"async\" width=\"1024\" height=\"683\" src=\"https:\/\/www.europesays.com\/lv\/wp-content\/uploads\/2025\/12\/photo_richy_straume-152-1024x683.jpg\" alt=\"\" class=\"wp-image-12843 lazyload\"  data- style=\"--smush-placeholder-width: 1024px; --smush-placeholder-aspect-ratio: 1024\/683;\"\/>Foto: Ri\u010dards Zari\u0146\u0161<\/p>\n<p>Festiv\u0101ls ir viens no retajiem Latvij\u0101, kas pied\u0101v\u0101 \u012bstu festiv\u0101la saj\u016btu, kur viena no neat\u0146emam\u0101m festiv\u0101la sast\u0101vda\u013c\u0101m ir tel\u0161u pils\u0113ti\u0146a, turkl\u0101t festiv\u0101la \u201cSTRAUME\u201d apmekl\u0113t\u0101jiem t\u0101 ir pieejama bez maksas. Savuk\u0101rt tiem, kas v\u0113las baud\u012bt festiv\u0101la gaisotni ar v\u0113l liel\u0101ku komfortu, organizatori iesaka jau laikus iepaz\u012bties ar \u201cHotel Zeit\u201d pieejam\u012bbu.\u00a0<\/p>\n<p>Divu dienu bi\u013cetes uz festiv\u0101lu \u201cSTRAUME\u201d var ieg\u0101d\u0101ties jau tagad festiv\u0101la ofici\u0101laj\u0101 vietn\u0113. Bi\u013ce\u0161u skaits ierobe\u017eot\u0101 daudzum\u0101. V\u0113l tikai l\u012bdz 31. decembrim \u201cSTRAUME\u201926\u201d divu dienu bi\u013cetes cena ir 45 EUR.<\/p>\n<p>Katr\u0101 festiv\u0101la bi\u013cet\u0113 ir iek\u013cauta telts vieta, bezmaksas autost\u0101vvieta, k\u0101 ar\u012b \u201cT\u012bklu Parka\u201d baud\u012b\u0161ana visa festiv\u0101la norises laik\u0101. Festiv\u0101la apmekl\u0113t\u0101ju \u0113rt\u012bb\u0101m ir pieejamas ar\u012b bezmaksas kemperu vietas, kas ir ierobe\u017eot\u0101 skait\u0101 un pirms iera\u0161an\u0101s j\u0101piesaka.<\/p>\n<p><img loading=\"lazy\" decoding=\"async\" width=\"683\" height=\"1024\" data-id=\"12847\" src=\"https:\/\/www.europesays.com\/lv\/wp-content\/uploads\/2025\/12\/photo_richy_straume-388-683x1024.jpg\" alt=\"\" class=\"wp-image-12847 lazyload\"  data- style=\"--smush-placeholder-width: 683px; --smush-placeholder-aspect-ratio: 683\/1024;\"\/>Foto: Ri\u010dards Zari\u0146\u0161<\/p>\n<p><img loading=\"lazy\" decoding=\"async\" width=\"1024\" height=\"683\" data-id=\"12841\" src=\"https:\/\/www.europesays.com\/lv\/wp-content\/uploads\/2025\/12\/photo_richy_straume-130-1024x683.jpg\" alt=\"\" class=\"wp-image-12841 lazyload\"  data- style=\"--smush-placeholder-width: 1024px; --smush-placeholder-aspect-ratio: 1024\/683;\"\/>Foto: Ri\u010dards Zari\u0146\u0161<\/p>\n<p><img loading=\"lazy\" decoding=\"async\" width=\"683\" height=\"1024\" data-id=\"12848\" src=\"https:\/\/www.europesays.com\/lv\/wp-content\/uploads\/2025\/12\/photo_richy_straume-7-683x1024.jpg\" alt=\"\" class=\"wp-image-12848 lazyload\"  data- style=\"--smush-placeholder-width: 683px; --smush-placeholder-aspect-ratio: 683\/1024;\"\/>Foto: Ri\u010dards Zari\u0146\u0161<\/p>\n<p><img loading=\"lazy\" decoding=\"async\" width=\"683\" height=\"1024\" data-id=\"12849\" src=\"https:\/\/www.europesays.com\/lv\/wp-content\/uploads\/2025\/12\/PhotoRichy_Straume24-68-683x1024.jpg\" alt=\"\" class=\"wp-image-12849 lazyload\"  data- style=\"--smush-placeholder-width: 683px; --smush-placeholder-aspect-ratio: 683\/1024;\"\/>Foto: Ri\u010dards Zari\u0146\u0161<\/p>\n<p><img decoding=\"async\" data-id=\"12845\" src=\"https:\/\/www.europesays.com\/lv\/wp-content\/uploads\/2025\/12\/PhotoRichy_Straume24-120.jpg\" alt=\"\" class=\"wp-image-12845 lazyload\" style=\"--smush-placeholder-width: 4640px; --smush-placeholder-aspect-ratio: 4640\/6960;\"\/>Foto: Ri\u010dards Zari\u0146\u0161<\/p>\n<p><img loading=\"lazy\" decoding=\"async\" width=\"683\" height=\"1024\" data-id=\"12850\" src=\"https:\/\/www.europesays.com\/lv\/wp-content\/uploads\/2025\/12\/photo_richy_straume-41-683x1024.jpg\" alt=\"\" class=\"wp-image-12850 lazyload\"  data- style=\"--smush-placeholder-width: 683px; --smush-placeholder-aspect-ratio: 683\/1024;\"\/>Foto: Ri\u010dards Zari\u0146\u0161<\/p>\n<p><img loading=\"lazy\" decoding=\"async\" width=\"1024\" height=\"683\" data-id=\"12839\" src=\"https:\/\/www.europesays.com\/lv\/wp-content\/uploads\/2025\/12\/IMG_2119-1024x683.jpg\" alt=\"\" class=\"wp-image-12839 lazyload\"  data- style=\"--smush-placeholder-width: 1024px; --smush-placeholder-aspect-ratio: 1024\/683;\"\/>Foto: Aksels Bergs<\/p>\n","protected":false},"excerpt":{"rendered":"3. un 4. j\u016blij\u0101 norisin\u0101sies Latvijas urb\u0101n\u0101s kult\u016bras spilgt\u0101kais notikums\u00a0 \u2014 hiphopa festiv\u0101ls \u201cSTRAUME\u201926\u201d, kas n\u0101kamaj\u0101 gad\u0101 svin\u0113s&hellip;\n","protected":false},"author":2,"featured_media":65838,"comment_status":"","ping_status":"","sticky":false,"template":"","format":"standard","meta":{"footnotes":""},"categories":[19],"tags":[5785,89,17055,90,35,39,38,36,37,34,40,17056,17057,17058,17059],"class_list":{"0":"post-65837","1":"post","2":"type-post","3":"status-publish","4":"format-standard","5":"has-post-thumbnail","7":"category-izklaide","8":"tag-ansis","9":"tag-entertainment","10":"tag-galaktik","11":"tag-izklaide","12":"tag-latvia","13":"tag-latvian","14":"tag-latviesu","15":"tag-latviesu-valoda","16":"tag-latviesuvaloda","17":"tag-latvija","18":"tag-lv","19":"tag-marko","20":"tag-netiras-cilpas","21":"tag-straumefest","22":"tag-zeit"},"share_on_mastodon":{"url":"https:\/\/pubeurope.com\/@lv\/115663389826961744","error":""},"_links":{"self":[{"href":"https:\/\/www.europesays.com\/lv\/wp-json\/wp\/v2\/posts\/65837","targetHints":{"allow":["GET"]}}],"collection":[{"href":"https:\/\/www.europesays.com\/lv\/wp-json\/wp\/v2\/posts"}],"about":[{"href":"https:\/\/www.europesays.com\/lv\/wp-json\/wp\/v2\/types\/post"}],"author":[{"embeddable":true,"href":"https:\/\/www.europesays.com\/lv\/wp-json\/wp\/v2\/users\/2"}],"replies":[{"embeddable":true,"href":"https:\/\/www.europesays.com\/lv\/wp-json\/wp\/v2\/comments?post=65837"}],"version-history":[{"count":0,"href":"https:\/\/www.europesays.com\/lv\/wp-json\/wp\/v2\/posts\/65837\/revisions"}],"wp:featuredmedia":[{"embeddable":true,"href":"https:\/\/www.europesays.com\/lv\/wp-json\/wp\/v2\/media\/65838"}],"wp:attachment":[{"href":"https:\/\/www.europesays.com\/lv\/wp-json\/wp\/v2\/media?parent=65837"}],"wp:term":[{"taxonomy":"category","embeddable":true,"href":"https:\/\/www.europesays.com\/lv\/wp-json\/wp\/v2\/categories?post=65837"},{"taxonomy":"post_tag","embeddable":true,"href":"https:\/\/www.europesays.com\/lv\/wp-json\/wp\/v2\/tags?post=65837"}],"curies":[{"name":"wp","href":"https:\/\/api.w.org\/{rel}","templated":true}]}}