{"id":65851,"date":"2025-12-04T21:56:09","date_gmt":"2025-12-04T21:56:09","guid":{"rendered":"https:\/\/www.europesays.com\/lv\/65851\/"},"modified":"2025-12-04T21:56:09","modified_gmt":"2025-12-04T21:56:09","slug":"smits-atkarto-karjeras-rezultativitates-rekordu-uleb-eiroliga","status":"publish","type":"post","link":"https:\/\/www.europesays.com\/lv\/65851\/","title":{"rendered":"\u0160mits atk\u0101rto karjeras rezultativit\u0101tes rekordu ULEB Eirol\u012bg\u0101"},"content":{"rendered":"<p>Savuk\u0101rt Art\u016bra \u017dagara p\u0101rst\u0101v\u0113t\u0101s Stambulas &#8220;Fenerbahce&#8221; paredz\u0113t\u0101 c\u012b\u0146a ceturtdien izbraukum\u0101 ar Pirejas &#8220;Olympiacos&#8221; ir p\u0101rcelta uz v\u0113l\u0101ku laiku laika apst\u0101k\u013cu d\u0113\u013c.<\/p>\n<p>&#8220;Olympiacos&#8221; un &#8220;Fenerbahce&#8221; ar asto\u0146\u0101m uzvar\u0101m 13 ma\u010dos ie\u0146em attiec\u012bgi sesto un astoto vietu, &#8220;Real&#8221; 14 ma\u010dos ir uzvar\u0113jusi asto\u0146\u0101s sp\u0113l\u0113s un ie\u0146em desmito vietu, bet &#8220;Anadolu Efes&#8221; ar piec\u0101m uzvar\u0101m 14 ma\u010dos ir 16. viet\u0101.<\/p>\n<p>Eirol\u012bg\u0101 katra no 20 komand\u0101m l\u012bdz apr\u012b\u013ca vidum aizvad\u012bs 38 sp\u0113les. Pamatturn\u012bra se\u0161as lab\u0101k\u0101s komandas iek\u013c\u016bs ceturtda\u013cfin\u0101l\u0101, bet sept\u012bt\u0101s l\u012bdz desmit\u0101s vietas ieguv\u0113jas c\u012bn\u012bsies &#8220;play-in&#8221; k\u0101rt\u0101.<\/p>\n<p>\u0160osezon Eirol\u012bgas fin\u0101l\u010detrinieka turn\u012brs maija beig\u0101s notiks At\u0113n\u0101s.<\/p>\n<p>Aizvad\u012btaj\u0101 sezon\u0101 fin\u0101l\u010detrinieka turn\u012bram notiekot Ab\u016b Dab\u012b, par \u010dempioni k\u013cuva Stambulas &#8220;Fenerbahce&#8221;, kas fin\u0101l\u0101 ar 81:70 p\u0101rsp\u0113ja Francijas klubu &#8220;Monaco&#8221;.<\/p>\n","protected":false},"excerpt":{"rendered":"Savuk\u0101rt Art\u016bra \u017dagara p\u0101rst\u0101v\u0113t\u0101s Stambulas &#8220;Fenerbahce&#8221; paredz\u0113t\u0101 c\u012b\u0146a ceturtdien izbraukum\u0101 ar Pirejas &#8220;Olympiacos&#8221; ir p\u0101rcelta uz v\u0113l\u0101ku laiku&hellip;\n","protected":false},"author":2,"featured_media":27650,"comment_status":"","ping_status":"","sticky":false,"template":"","format":"standard","meta":{"footnotes":""},"categories":[17],"tags":[145,1098,35,39,38,36,37,34,40,4341,67,2120],"class_list":{"0":"post-65851","1":"post","2":"type-post","3":"status-publish","4":"format-standard","5":"has-post-thumbnail","7":"category-sports","8":"tag-basketbols","9":"tag-basketbols-pasaule","10":"tag-latvia","11":"tag-latvian","12":"tag-latviesu","13":"tag-latviesu-valoda","14":"tag-latviesuvaloda","15":"tag-latvija","16":"tag-lv","17":"tag-rolands-smits","18":"tag-sports","19":"tag-uleb-eiroliga"},"share_on_mastodon":{"url":"https:\/\/pubeurope.com\/@lv\/115663535018930572","error":""},"_links":{"self":[{"href":"https:\/\/www.europesays.com\/lv\/wp-json\/wp\/v2\/posts\/65851","targetHints":{"allow":["GET"]}}],"collection":[{"href":"https:\/\/www.europesays.com\/lv\/wp-json\/wp\/v2\/posts"}],"about":[{"href":"https:\/\/www.europesays.com\/lv\/wp-json\/wp\/v2\/types\/post"}],"author":[{"embeddable":true,"href":"https:\/\/www.europesays.com\/lv\/wp-json\/wp\/v2\/users\/2"}],"replies":[{"embeddable":true,"href":"https:\/\/www.europesays.com\/lv\/wp-json\/wp\/v2\/comments?post=65851"}],"version-history":[{"count":0,"href":"https:\/\/www.europesays.com\/lv\/wp-json\/wp\/v2\/posts\/65851\/revisions"}],"wp:featuredmedia":[{"embeddable":true,"href":"https:\/\/www.europesays.com\/lv\/wp-json\/wp\/v2\/media\/27650"}],"wp:attachment":[{"href":"https:\/\/www.europesays.com\/lv\/wp-json\/wp\/v2\/media?parent=65851"}],"wp:term":[{"taxonomy":"category","embeddable":true,"href":"https:\/\/www.europesays.com\/lv\/wp-json\/wp\/v2\/categories?post=65851"},{"taxonomy":"post_tag","embeddable":true,"href":"https:\/\/www.europesays.com\/lv\/wp-json\/wp\/v2\/tags?post=65851"}],"curies":[{"name":"wp","href":"https:\/\/api.w.org\/{rel}","templated":true}]}}