{"id":65891,"date":"2025-12-05T01:24:09","date_gmt":"2025-12-05T01:24:09","guid":{"rendered":"https:\/\/www.europesays.com\/lv\/65891\/"},"modified":"2025-12-05T01:24:09","modified_gmt":"2025-12-05T01:24:09","slug":"video-%e2%9f%a9-tika-atrasti-23-faili-ar-bernu-pornografiju-notverts-bernu-un-sieviesu-izvarotajs","status":"publish","type":"post","link":"https:\/\/www.europesays.com\/lv\/65891\/","title":{"rendered":"VIDEO \u27e9 &#8220;Tika atrasti 23 faili ar b\u0113rnu pornogr\u0101fiju.&#8221; Notverts b\u0113rnu un sievie\u0161u izvarot\u0101js"},"content":{"rendered":"<p>Vasaras beig\u0101s k\u0101da R\u012bgas \u0123imene nol\u0113ma doties uz viet\u0113jo publisko peldbaseinu. Atp\u016bta beidz\u0101s br\u012bd\u012b, kad vec\u0101ki iev\u0113roja k\u0101du v\u012brieti, fotograf\u0113jam vi\u0146u mazgad\u012bgo atvasi \u2013 vi\u0146i uzreiz v\u0113rs\u0101s ar iesniegumu Valsts policij\u0101.<\/p>\n<p>Likumsargi aiztur\u0113ja aizdom\u012bgo tipu un, apskatot vi\u0146a mobilo telefonu, k\u013cuva skaidrs, ka meitenes fotograf\u0113\u0161ana ir vien neliels piliens vair\u0101ku un baisu noziegumu j\u016br\u0101.<\/p>\n<p>&#8220;Tika atrasti 23 faili, kas satur\u0113ja b\u0113rnu pornogr\u0101fiju. V\u012brietis \u0161os failus bija lejupiel\u0101d\u0113jis no interneta vietn\u0113m,&#8221; nor\u0101da Valsts policijas p\u0101rst\u0101ve Marija Soldatova.<\/p>\n<p>B\u0113rni nebija vien\u012bgie, kuru bildes var\u0113ja atrast v\u012brie\u0161a ier\u012bc\u0113. Ar\u012b pilngad\u012bgu sievie\u0161u fotogr\u0101fijas visai pikant\u0101s epizod\u0113s lika dom\u0101t, ka izmekl\u0113\u0161ana j\u0101turpina.<\/p>\n<p>&#8220;Tur bija redzamas sievietes bezpal\u012bdz\u012bg\u0101 st\u0101vokl\u012b, un var\u0113ja saprast, ka pret vi\u0146\u0101m veiktas seksu\u0101la rakstura darb\u012bbas,&#8221; saka Valsts policijas p\u0101rst\u0101ve.<\/p>\n<p>Par noziegumiem 46 gadus vecais v\u012brietis, visticam\u0101k, pavad\u012bs aiz rest\u0113m vair\u0101k nek\u0101 10 gadu.<\/p>\n<p>Vair\u0101k skaties raid\u012bjuma &#8220;Degpunkt\u0101&#8221; si\u017eet\u0101:<\/p>\n","protected":false},"excerpt":{"rendered":"Vasaras beig\u0101s k\u0101da R\u012bgas \u0123imene nol\u0113ma doties uz viet\u0113jo publisko peldbaseinu. Atp\u016bta beidz\u0101s br\u012bd\u012b, kad vec\u0101ki iev\u0113roja k\u0101du&hellip;\n","protected":false},"author":2,"featured_media":65892,"comment_status":"","ping_status":"","sticky":false,"template":"","format":"standard","meta":{"footnotes":""},"categories":[5],"tags":[23,28,29,32,33,22,6786,30,31,35,39,38,36,37,34,40,20,26,27,24,25,138,21],"class_list":{"0":"post-65891","1":"post","2":"type-post","3":"status-publish","4":"format-standard","5":"has-post-thumbnail","7":"category-aktualitates","8":"tag-aktualitates","9":"tag-breaking-news","10":"tag-breakingnews","11":"tag-featured-news","12":"tag-featurednews","13":"tag-headlines","14":"tag-kriminalprocess","15":"tag-latest-news","16":"tag-latestnews","17":"tag-latvia","18":"tag-latvian","19":"tag-latviesu","20":"tag-latviesu-valoda","21":"tag-latviesuvaloda","22":"tag-latvija","23":"tag-lv","24":"tag-news","25":"tag-popularakas-zinas","26":"tag-popularakaszinas","27":"tag-top-stories","28":"tag-topstories","29":"tag-valsts-policija","30":"tag-zinas"},"share_on_mastodon":{"url":"https:\/\/pubeurope.com\/@lv\/115664352906803834","error":""},"_links":{"self":[{"href":"https:\/\/www.europesays.com\/lv\/wp-json\/wp\/v2\/posts\/65891","targetHints":{"allow":["GET"]}}],"collection":[{"href":"https:\/\/www.europesays.com\/lv\/wp-json\/wp\/v2\/posts"}],"about":[{"href":"https:\/\/www.europesays.com\/lv\/wp-json\/wp\/v2\/types\/post"}],"author":[{"embeddable":true,"href":"https:\/\/www.europesays.com\/lv\/wp-json\/wp\/v2\/users\/2"}],"replies":[{"embeddable":true,"href":"https:\/\/www.europesays.com\/lv\/wp-json\/wp\/v2\/comments?post=65891"}],"version-history":[{"count":0,"href":"https:\/\/www.europesays.com\/lv\/wp-json\/wp\/v2\/posts\/65891\/revisions"}],"wp:featuredmedia":[{"embeddable":true,"href":"https:\/\/www.europesays.com\/lv\/wp-json\/wp\/v2\/media\/65892"}],"wp:attachment":[{"href":"https:\/\/www.europesays.com\/lv\/wp-json\/wp\/v2\/media?parent=65891"}],"wp:term":[{"taxonomy":"category","embeddable":true,"href":"https:\/\/www.europesays.com\/lv\/wp-json\/wp\/v2\/categories?post=65891"},{"taxonomy":"post_tag","embeddable":true,"href":"https:\/\/www.europesays.com\/lv\/wp-json\/wp\/v2\/tags?post=65891"}],"curies":[{"name":"wp","href":"https:\/\/api.w.org\/{rel}","templated":true}]}}