{"id":65967,"date":"2025-12-05T04:17:08","date_gmt":"2025-12-05T04:17:08","guid":{"rendered":"https:\/\/www.europesays.com\/lv\/65967\/"},"modified":"2025-12-05T04:17:08","modified_gmt":"2025-12-05T04:17:08","slug":"aseradens-budzets-ir-valstiski-atbildigs-sabalansets-un-versts-uz-nakotnes-drosibu-dienas-bizness","status":"publish","type":"post","link":"https:\/\/www.europesays.com\/lv\/65967\/","title":{"rendered":"A\u0161eradens: Bud\u017eets ir valstiski atbild\u012bgs, sabalans\u0113ts un v\u0113rsts uz n\u0101kotnes dro\u0161\u012bbu :: Dienas Bizness"},"content":{"rendered":"<p class=\"text-font font-size--text-xlarge margin-3--bottom font-weight--bold padding-1--top\">2026. gada valsts bud\u017eets ir valstiski atbild\u012bgs, sabalans\u0113ts un v\u0113rsts uz m\u016bsu n\u0101kotnes dro\u0161\u012bbu, Saeim\u0101 pirms balsojuma par n\u0101kam\u0101 gada bud\u017eetu teica finan\u0161u ministrs Arvils A\u0161eradens (JV).<\/p>\n<p class=\"text-font font-size--text-xlarge margin-3--bottom\">Vi\u0146\u0161 pateic\u0101s deput\u0101tiem par debat\u0113m un nor\u0101d\u012bja, ka bud\u017eets sast\u0101v\u0113ja no 490 deput\u0101tu priek\u0161likumiem un gandr\u012bz 100 ministriju priek\u0161likumiem.<\/p>\n<p class=\"text-font font-size--text-xlarge margin-3--bottom\">Politi\u0137is atz\u012bm\u0113ja, ka bud\u017eets veido dro\u0161\u0101ku Latvijas valsts iedz\u012bvot\u0101ju n\u0101kotni. Vi\u0146\u0161 sac\u012bja, ka iedz\u012bvot\u0101ji notic\u0113ju\u0161i valsts dro\u0161\u012bbas politikai, ekonomiskajai politikai, un to r\u0101dot ekonomisk\u0101s izaugsmes dati. Tagad svar\u012bg\u0101kais n\u0101kotn\u0113 esot &#8220;nesalaist to visu d\u0113l\u012b&#8221;, teica A\u0161eradens.<\/p>\n<p class=\"text-font font-size--text-xlarge margin-3--bottom\">N\u0101kamgad konsolid\u0113t\u0101 valsts bud\u017eeta ie\u0146\u0113mumi pl\u0101noti 16,1 miljarda eiro, bet izdevumi &#8211; 17,9 miljardu eiro apm\u0113r\u0101. Sal\u012bdzinot ar 2025. gada bud\u017eetu, n\u0101kamgad pl\u0101notie valsts ie\u0146\u0113mumi paredz\u0113ti par 944,6 miljoniem eiro liel\u0101ki, savuk\u0101rt izdevumi &#8211; par 804,3 miljoniem eiro liel\u0101ki.<\/p>\n<p class=\"text-font font-size--text-xlarge margin-3--bottom\">Bud\u017eeta defic\u012bts n\u0101kamgad pl\u0101nots 3,3 procentu apm\u0113r\u0101 no iek\u0161zemes kopprodukta, un t\u0101 pieaugumu sal\u012bdzin\u0101jum\u0101 ar prognoz\u0113to defic\u012btu 2,9 procentu apm\u0113r\u0101 \u0161ogad galvenok\u0101rt nosaka b\u016btisks finans\u0113juma pieaugums valsts aizsardz\u012bbas un dro\u0161\u012bbas stiprin\u0101\u0161anai, ilgtermi\u0146a atbalstam Ukrainai un invest\u012bcij\u0101m sabiedr\u012bbas dro\u0161\u012bbas stiprin\u0101\u0161an\u0101.<\/p>\n<p class=\"text-font font-size--text-xlarge margin-3--bottom\">N\u0101kamaj\u0101 gad\u0101 par galvenaj\u0101m valsts priorit\u0101t\u0113m noteikta valsts dro\u0161\u012bba, atbalsts \u0123imen\u0113m ar b\u0113rniem un kvalitat\u012bva izgl\u012bt\u012bba, t\u0101m kopum\u0101 paredzot papildu finans\u0113jumu 693,5 miljonu eiro apm\u0113r\u0101.<\/p>\n<p class=\"text-font font-size--text-xlarge margin-3--bottom\">\u0145emot v\u0113r\u0101 \u0123eopolitisko situ\u0101ciju, valsts dro\u0161\u012bbas stiprin\u0101\u0161anai n\u0101kamgad papildus pl\u0101nots novirz\u012bt 448,3 miljonus eiro, un \u0161is finans\u0113jums ietver ne tikai milit\u0101ro sp\u0113ju stiprin\u0101\u0161anu, bet ar\u012b ieguld\u012bjumus valsts iek\u0161\u0113j\u0101 dro\u0161\u012bb\u0101 un kiberdro\u0161\u012bb\u0101.<\/p>\n<p class=\"text-font font-size--text-xlarge margin-3--bottom\">Papildu finans\u0113jums 94,8 miljonu eiro apm\u0113r\u0101 2026. gad\u0101 paredz\u0113ts, lai stiprin\u0101tu atbalstu \u0123imen\u0113m ar b\u0113rniem, k\u0101 ar\u012b pilnveidotu materi\u0101lo atbalstu \u0101rpus\u0123imenes apr\u016bp\u0113 eso\u0161iem b\u0113rniem. Liel\u0101ks b\u016bs b\u0113rna piedzim\u0161anas pabalsts un b\u0113rna kop\u0161anas pabalsts, k\u0101 ar\u012b liel\u0101ks atbalsts b\u016bs aizbild\u0146iem un adopt\u0113t\u0101jiem.<\/p>\n<p class=\"text-font font-size--text-xlarge margin-3--bottom\">Savuk\u0101rt, lai nodro\u0161in\u0101tu kvalitat\u012bvas izgl\u012bt\u012bbas pieejam\u012bbu visiem b\u0113rniem Latvij\u0101 neatkar\u012bgi no dz\u012bvesvietas vai skolas lieluma, papildu finans\u0113jums 45 miljonu eiro apm\u0113r\u0101 paredz\u0113ts, lai var\u0113tu \u012bstenot jaun\u0101 pedagogu darba samaksas finans\u0113\u0161anas mode\u013ca &#8220;Programma skol\u0101&#8221; ievie\u0161anu, tostarp ar\u012b pedagogu atbalsta person\u0101lam.<\/p>\n<p class=\"text-font font-size--text-xlarge margin-3--bottom\">Papildus v\u0113l 105,4 miljonus eiro paredz\u0113ts novirz\u012bt citiem pas\u0101kumiem, tostarp vesel\u012bbas apr\u016bp\u0113.<\/p>\n","protected":false},"excerpt":{"rendered":"2026. gada valsts bud\u017eets ir valstiski atbild\u012bgs, sabalans\u0113ts un v\u0113rsts uz m\u016bsu n\u0101kotnes dro\u0161\u012bbu, Saeim\u0101 pirms balsojuma par&hellip;\n","protected":false},"author":2,"featured_media":65968,"comment_status":"","ping_status":"","sticky":false,"template":"","format":"standard","meta":{"footnotes":""},"categories":[12],"tags":[23,869,77,870,28,29,867,32,33,22,30,31,35,39,38,36,37,34,871,868,40,20,26,27,24,25,21],"class_list":{"0":"post-65967","1":"post","2":"type-post","3":"status-publish","4":"format-standard","5":"has-post-thumbnail","7":"category-latvija","8":"tag-aktualitates","9":"tag-biznesa-zinas","10":"tag-bizness","11":"tag-bizness-latvija","12":"tag-breaking-news","13":"tag-breakingnews","14":"tag-dienas-zinas","15":"tag-featured-news","16":"tag-featurednews","17":"tag-headlines","18":"tag-latest-news","19":"tag-latestnews","20":"tag-latvia","21":"tag-latvian","22":"tag-latviesu","23":"tag-latviesu-valoda","24":"tag-latviesuvaloda","25":"tag-latvija","26":"tag-latvijas-biznesa-zinas","27":"tag-latvijas-zinas","28":"tag-lv","29":"tag-news","30":"tag-popularakas-zinas","31":"tag-popularakaszinas","32":"tag-top-stories","33":"tag-topstories","34":"tag-zinas"},"share_on_mastodon":{"url":"https:\/\/pubeurope.com\/@lv\/115665033179363048","error":""},"_links":{"self":[{"href":"https:\/\/www.europesays.com\/lv\/wp-json\/wp\/v2\/posts\/65967","targetHints":{"allow":["GET"]}}],"collection":[{"href":"https:\/\/www.europesays.com\/lv\/wp-json\/wp\/v2\/posts"}],"about":[{"href":"https:\/\/www.europesays.com\/lv\/wp-json\/wp\/v2\/types\/post"}],"author":[{"embeddable":true,"href":"https:\/\/www.europesays.com\/lv\/wp-json\/wp\/v2\/users\/2"}],"replies":[{"embeddable":true,"href":"https:\/\/www.europesays.com\/lv\/wp-json\/wp\/v2\/comments?post=65967"}],"version-history":[{"count":0,"href":"https:\/\/www.europesays.com\/lv\/wp-json\/wp\/v2\/posts\/65967\/revisions"}],"wp:featuredmedia":[{"embeddable":true,"href":"https:\/\/www.europesays.com\/lv\/wp-json\/wp\/v2\/media\/65968"}],"wp:attachment":[{"href":"https:\/\/www.europesays.com\/lv\/wp-json\/wp\/v2\/media?parent=65967"}],"wp:term":[{"taxonomy":"category","embeddable":true,"href":"https:\/\/www.europesays.com\/lv\/wp-json\/wp\/v2\/categories?post=65967"},{"taxonomy":"post_tag","embeddable":true,"href":"https:\/\/www.europesays.com\/lv\/wp-json\/wp\/v2\/tags?post=65967"}],"curies":[{"name":"wp","href":"https:\/\/api.w.org\/{rel}","templated":true}]}}