{"id":65971,"date":"2025-12-05T04:23:07","date_gmt":"2025-12-05T04:23:07","guid":{"rendered":"https:\/\/www.europesays.com\/lv\/65971\/"},"modified":"2025-12-05T04:23:07","modified_gmt":"2025-12-05T04:23:07","slug":"apbalvoti-eksporta-un-inovacijas-balva-2025-laureati-dienas-bizness","status":"publish","type":"post","link":"https:\/\/www.europesays.com\/lv\/65971\/","title":{"rendered":"Apbalvoti Eksporta un inov\u0101cijas balva 2025 laure\u0101ti &#8211; Dienas Bizness"},"content":{"rendered":"<ol>\n<li><a href=\"https:\/\/news.google.com\/rss\/articles\/CBMiiwFBVV95cUxQSUJPdDgyaUR0YUdUejJFalg1aGh6am9iMzJlemtoSW5oS2lGcUxORzZwSFFQdkJJUEZBY21xS1dqT3NlbU5KZi0yem15bjIyT09TX0VOYmhwSDNvbHAwSWs3SVEtOWVWbHU5UWtwMUZCamljbmhfc01WdGhaaEUyMEtLNmVUaDBVaHpn?oc=5\" target=\"_blank\" rel=\"nofollow noopener\">Apbalvoti Eksporta un inov\u0101cijas balva 2025 laure\u0101ti<\/a>&nbsp;&nbsp;Dienas Bizness<\/li>\n<li><a href=\"https:\/\/news.google.com\/rss\/articles\/CBMi2wFBVV95cUxNNmZkREFZN3VLY0VFc0RVT19JR25jNDhoOHB1MFNaZGw2VHhBeWVxR0twWF9VQU1naEJVUFg1NW54LThFMGpUdlJEZlFfdklqNTdlZklqMWcyWkVrRVRXWUJrOUFIMWhvOWQwelBrTTBTYlZvSFBpejB1Zk1saTg1RTl0Z0FlT25nX0R3WVBDTlMwbk5DR2tTU2JhYWUwYjdKMTV0UlRlbVh4c0VjWHpaT1BfZm1oQ3ZWX0ZNWExPRXdzTDR2OVU1b2RoQW9lVmMyZ1N1MHV2R08tN0U?oc=5\" target=\"_blank\" rel=\"nofollow noopener\">Pasniegti valsts augst\u0101kie apbalvojumi uz\u0146\u0113m\u0113jdarb\u012bb\u0101 \u2013 Eksporta un inov\u0101cijas balva<\/a>&nbsp;&nbsp;Delfi<\/li>\n<li><a href=\"https:\/\/news.google.com\/rss\/articles\/CBMi4gFBVV95cUxNYmhyb1pZdXdvbW5DOU5ST0xuYUtPUDhVc0pDNVFRcS1KVjRtY3pycXZORlBKMlF1TVpxZG1tcTFKX3N5ZnhBLS1pNmk4TGhOMTRFMzAxaVBDWHRoZlEwdVNFVlFiODVXQmxVN1BuS3ZsbW44X2xpeWJrNkdxOEZjT3ZWNjZBZDE4MGMzNTN6TEtXNjRtLXRZZXh6ZEpzN3RQcWU0RE1vS3RqbEpiODJNeFJwRWZBMjA0alZ6U09ZaGJBTlNoaG5TWGpTMHlsUEIxS05rTlJ6WGVZOHRYa2ZBTWx3?oc=5\" target=\"_blank\" rel=\"nofollow noopener\">Pasniegti valsts augst\u0101kie apbalvojumi uz\u0146\u0113m\u0113jdarb\u012bb\u0101; par eksporta \u010dempionu atz\u012bts \u00abUPB\u00bb<\/a>&nbsp;&nbsp;LSM<\/li>\n<li><a href=\"https:\/\/news.google.com\/rss\/articles\/CBMihwFBVV95cUxQa1R2NGUyYmVaY0l0TUFyZDhmSDNPSDd5MDIxbnNLY2x1TmZoVmJrMHN4VXlmRHlOUjdhZmU4UHo0QmdXQlZTZmZVeXhLQVpVYzJubExpVmZoc0ZJSXI2SU5xbHcyOWJPMUJ1MEJYMk01YTBPc0ZNeTJkekhEY2YxY25XdjJhb28?oc=5\" target=\"_blank\" rel=\"nofollow noopener\">Eksporta \u010dempiona balvai izvirz\u012bti \u010detri uz\u0146\u0113mumi<\/a>&nbsp;&nbsp;Dienas Bizness<\/li>\n<li><a href=\"https:\/\/news.google.com\/rss\/articles\/CBMiyAFBVV95cUxOcEtrRVNIcFBLU19ZQjZlVUhpQ09qX0gyUmxEYVRVb0tSR1VIWW82b1ZSLTY3WUxuZzlVX2hvcXR4V2o0V2JRSG5WV0RNSDNhUDM3ZmdncV9xa2wtLW9zTGhLQ2FZVGQyXzhOUE9OUW1NNFJ3MkthTlFaeG9ObVhQd2VzNG5zSFZfMHpYZUJVVHIzeU9OMW11M1FMS1ZKTmhaSXZVNDBqckZ2VEF1SWt3cHRRU0h1bkJoRkcyc2NXd1NPZXpkUHNENw?oc=5\" target=\"_blank\" rel=\"nofollow noopener\">VIDEO: No Mildron\u0101ta l\u012bdz milit\u0101raj\u0101m tehnolo\u0123ij\u0101m: LIAA \u201cEksporta un inov\u0101cijas balvai\u201d 20 gadi<\/a>&nbsp;&nbsp;Jauns.lv<\/li>\n<\/ol>\n","protected":false},"excerpt":{"rendered":"Apbalvoti Eksporta un inov\u0101cijas balva 2025 laure\u0101ti&nbsp;&nbsp;Dienas Bizness Pasniegti valsts augst\u0101kie apbalvojumi uz\u0146\u0113m\u0113jdarb\u012bb\u0101 \u2013 Eksporta un inov\u0101cijas balva&nbsp;&nbsp;Delfi&hellip;\n","protected":false},"author":2,"featured_media":65972,"comment_status":"","ping_status":"","sticky":false,"template":"","format":"standard","meta":{"footnotes":""},"categories":[12],"tags":[23,869,77,870,28,29,867,32,33,22,30,31,35,39,38,36,37,34,871,868,40,20,26,27,24,25,21],"class_list":{"0":"post-65971","1":"post","2":"type-post","3":"status-publish","4":"format-standard","5":"has-post-thumbnail","7":"category-latvija","8":"tag-aktualitates","9":"tag-biznesa-zinas","10":"tag-bizness","11":"tag-bizness-latvija","12":"tag-breaking-news","13":"tag-breakingnews","14":"tag-dienas-zinas","15":"tag-featured-news","16":"tag-featurednews","17":"tag-headlines","18":"tag-latest-news","19":"tag-latestnews","20":"tag-latvia","21":"tag-latvian","22":"tag-latviesu","23":"tag-latviesu-valoda","24":"tag-latviesuvaloda","25":"tag-latvija","26":"tag-latvijas-biznesa-zinas","27":"tag-latvijas-zinas","28":"tag-lv","29":"tag-news","30":"tag-popularakas-zinas","31":"tag-popularakaszinas","32":"tag-top-stories","33":"tag-topstories","34":"tag-zinas"},"share_on_mastodon":{"url":"https:\/\/pubeurope.com\/@lv\/115665056792398646","error":""},"_links":{"self":[{"href":"https:\/\/www.europesays.com\/lv\/wp-json\/wp\/v2\/posts\/65971","targetHints":{"allow":["GET"]}}],"collection":[{"href":"https:\/\/www.europesays.com\/lv\/wp-json\/wp\/v2\/posts"}],"about":[{"href":"https:\/\/www.europesays.com\/lv\/wp-json\/wp\/v2\/types\/post"}],"author":[{"embeddable":true,"href":"https:\/\/www.europesays.com\/lv\/wp-json\/wp\/v2\/users\/2"}],"replies":[{"embeddable":true,"href":"https:\/\/www.europesays.com\/lv\/wp-json\/wp\/v2\/comments?post=65971"}],"version-history":[{"count":0,"href":"https:\/\/www.europesays.com\/lv\/wp-json\/wp\/v2\/posts\/65971\/revisions"}],"wp:featuredmedia":[{"embeddable":true,"href":"https:\/\/www.europesays.com\/lv\/wp-json\/wp\/v2\/media\/65972"}],"wp:attachment":[{"href":"https:\/\/www.europesays.com\/lv\/wp-json\/wp\/v2\/media?parent=65971"}],"wp:term":[{"taxonomy":"category","embeddable":true,"href":"https:\/\/www.europesays.com\/lv\/wp-json\/wp\/v2\/categories?post=65971"},{"taxonomy":"post_tag","embeddable":true,"href":"https:\/\/www.europesays.com\/lv\/wp-json\/wp\/v2\/tags?post=65971"}],"curies":[{"name":"wp","href":"https:\/\/api.w.org\/{rel}","templated":true}]}}