{"id":65986,"date":"2025-12-05T04:57:07","date_gmt":"2025-12-05T04:57:07","guid":{"rendered":"https:\/\/www.europesays.com\/lv\/65986\/"},"modified":"2025-12-05T04:57:07","modified_gmt":"2025-12-05T04:57:07","slug":"problemas-ar-piekari-un-bremzem-lente-lv-2","status":"publish","type":"post","link":"https:\/\/www.europesays.com\/lv\/65986\/","title":{"rendered":"probl\u0113mas ar piekari un bremz\u0113m\u00a0\u2014\u00a0Lente.lv"},"content":{"rendered":"<p>Tesla Model Y: Trausl\u0101 realit\u0101te aiz spo\u017e\u0101 fas\u0101des V\u0101cij\u0101<\/p>\n<p>\u0160oned\u0113\u013c uz\u0146\u0113mums Tesla sa\u0146\u0113mis ne p\u0101r\u0101k pat\u012bkamas zi\u0146as no V\u0101cijas. Jaun\u0101kais T\u00dcV Report 2026 p\u0113t\u012bjums elektrisko automobili Tesla Model Y atzinis par visneorient\u0113jamiem sav\u0101 vecuma grup\u0101. V\u0113l bied\u0113jo\u0161\u0101k \u2013 inspektori konstat\u0113ju\u0161i augst\u0101ko defektu l\u012bmeni starp visiem automobi\u013ciem, ko T\u00dcV test\u0113jusi p\u0113d\u0113jo desmit gadu laik\u0101. T\u00dcV (Technischer \u00dcberwachungsverein jeb Tehnisk\u0101s uzraudz\u012bbas asoci\u0101cija) ir organiz\u0101cija, kas atbild par oblig\u0101taj\u0101m tehniskaj\u0101m apskat\u0113m visiem transportl\u012bdzek\u013ciem valst\u012b. Tas nav aptauju rezult\u0101ts, bet gan stingras tehnisk\u0101s p\u0101rbaudes, kur\u0101m katram auto j\u0101iziet, lai var\u0113tu piedal\u012bties satiksm\u0113.<\/p>\n<p>Detaliz\u0113ta anal\u012bze un satrauco\u0161i skait\u013ci<\/p>\n<p>\u0160\u0101 gada zi\u0146ojum\u0101 analiz\u0113tas 9,5 miljoni automobi\u013cu apska\u0161u. Tesla Model Y 2-3 gadu vecu automobi\u013cu kategorij\u0101 ie\u0146\u0113mis p\u0113d\u0113jo vietu \u2013 17,3% automobi\u013cu neiztur\u0113ja apskati, saskaroties ar &#8220;b\u016btiskiem&#8221; vai pat &#8220;b\u012bstamiem&#8221; defektiem. Sal\u012bdzin\u0101jumam, vid\u0113jais r\u0101d\u012bt\u0101js \u0161aj\u0101 klas\u0113 ir aptuveni 6,5%. Tas ir slikt\u0101kais rezult\u0101ts, ko T\u00dcV pieredz\u0113jusi p\u0113d\u0113j\u0101s desmitgad\u0113s. Ar\u012b Tesla Model 3 nav sp\u0113jusi iepriecin\u0101t, ierindojoties tre\u0161aj\u0101 viet\u0101 no beig\u0101m ar 13,1% defektu. \u0160ie skait\u013ci ir k\u0101 auksta du\u0161a ilggad\u0113jiem Tesla entuziastiem un potenci\u0101lajiem pirc\u0113jiem.<\/p>\n<p>Tehnisko probl\u0113mu anatomija<\/p>\n<p>Galven\u0101s Tesla probl\u0113mas ir labi zin\u0101mas. Model Y visbie\u017e\u0101k nov\u0113roti piekares elementi \u2013 \u012bpa\u0161i sviru bukses, par ko \u012bpa\u0161nieki s\u016bdzas jau ilgu laiku. Otrs nopietnais izaicin\u0101jums ir bremzes. Elektrisk\u0101 automobi\u013ca akt\u012bv\u0101 re\u0123enerat\u012bv\u0101 bremz\u0113\u0161ana, kas maz\u0101k noslogo meh\u0101nisk\u0101s bremzes, kop\u0101 ar mitro v\u0101cu laikapst\u0101k\u013ciem veicina brem\u017eu disku koroziju, k\u0101 rezult\u0101t\u0101 tie neiziet apskati. Iev\u0113rojama da\u013ca atteikumu saist\u012bta ar\u012b ar apgaismojuma sist\u0113mas boj\u0101jumiem. Sal\u012bdzinot ar citu marku elektroauto, \u0161ie rezult\u0101ti ir ac\u012bmredzami neiepriecino\u0161i. Piem\u0113ram, Mini Cooper SE uzr\u0101d\u012bjis tikai 3,5% defektu, bet Audi Q4 e-tron \u2013 4%. Tas skaidri par\u0101da, ka probl\u0113ma nav elektrisko motoru tehnolo\u0123ij\u0101 k\u0101 t\u0101d\u0101, bet gan Tesla pieej\u0101 komponentu izstr\u0101dei un to ilgm\u016b\u017e\u012bbai.<\/p>\n<p>Kvalit\u0101te ir svar\u012bg\u0101ka par veiktsp\u0113ju<\/p>\n<p>T\u00dcV rezult\u0101ti uzsver, ka pat pasaul\u0113 popul\u0101r\u0101kais elektroauto nav pasarg\u0101ts no sist\u0113misk\u0101m tehnisk\u0101m v\u0101j\u012bb\u0101m. Pirc\u0113jiem Eirop\u0101 tas k\u013c\u016bst par b\u016btisku faktoru automobi\u013ca izv\u0113l\u0113. \u0160ie dati ir k\u0101 jauns sign\u0101ls elektroauto tirgum: in\u017eeniertehnisko risin\u0101jumu kvalit\u0101tei ir tikpat liela noz\u012bme k\u0101 jaudai vai nobraucamajam att\u0101lumam. K\u0101 nor\u0101da k\u0101da automobi\u013cu darbn\u012bca, zi\u0146ojumi par &#8220;katastrof\u0101lu&#8221; atteikumu l\u012bmeni Tesla Model 3 un Y ar \u0137\u012bnie\u0161u ra\u017eojuma LG akumulatoriem liecina par nopietn\u0101m r\u016bpniecisk\u0101m probl\u0113m\u0101m, kas var\u0113tu b\u016bt saist\u012btas ar\u012b ar pieg\u0101des \u0137\u0113d\u0113m un komponentu kvalit\u0101tes kontroli.<\/p>\n","protected":false},"excerpt":{"rendered":"Tesla Model Y: Trausl\u0101 realit\u0101te aiz spo\u017e\u0101 fas\u0101des V\u0101cij\u0101 \u0160oned\u0113\u013c uz\u0146\u0113mums Tesla sa\u0146\u0113mis ne p\u0101r\u0101k pat\u012bkamas zi\u0146as no&hellip;\n","protected":false},"author":2,"featured_media":65987,"comment_status":"","ping_status":"","sticky":false,"template":"","format":"standard","meta":{"footnotes":""},"categories":[16],"tags":[16972,16971,77,76,8286,35,39,38,36,37,34,40,13362,16970],"class_list":{"0":"post-65986","1":"post","2":"type-post","3":"status-publish","4":"format-standard","5":"has-post-thumbnail","7":"category-bizness","8":"tag-auto-defekti","9":"tag-auto-uzticamiba","10":"tag-bizness","11":"tag-business","12":"tag-elektriskie-auto","13":"tag-latvia","14":"tag-latvian","15":"tag-latviesu","16":"tag-latviesu-valoda","17":"tag-latviesuvaloda","18":"tag-latvija","19":"tag-lv","20":"tag-tesla-model-y","21":"tag-tuv-report"},"share_on_mastodon":{"url":"https:\/\/pubeurope.com\/@lv\/115665190504536982","error":""},"_links":{"self":[{"href":"https:\/\/www.europesays.com\/lv\/wp-json\/wp\/v2\/posts\/65986","targetHints":{"allow":["GET"]}}],"collection":[{"href":"https:\/\/www.europesays.com\/lv\/wp-json\/wp\/v2\/posts"}],"about":[{"href":"https:\/\/www.europesays.com\/lv\/wp-json\/wp\/v2\/types\/post"}],"author":[{"embeddable":true,"href":"https:\/\/www.europesays.com\/lv\/wp-json\/wp\/v2\/users\/2"}],"replies":[{"embeddable":true,"href":"https:\/\/www.europesays.com\/lv\/wp-json\/wp\/v2\/comments?post=65986"}],"version-history":[{"count":0,"href":"https:\/\/www.europesays.com\/lv\/wp-json\/wp\/v2\/posts\/65986\/revisions"}],"wp:featuredmedia":[{"embeddable":true,"href":"https:\/\/www.europesays.com\/lv\/wp-json\/wp\/v2\/media\/65987"}],"wp:attachment":[{"href":"https:\/\/www.europesays.com\/lv\/wp-json\/wp\/v2\/media?parent=65986"}],"wp:term":[{"taxonomy":"category","embeddable":true,"href":"https:\/\/www.europesays.com\/lv\/wp-json\/wp\/v2\/categories?post=65986"},{"taxonomy":"post_tag","embeddable":true,"href":"https:\/\/www.europesays.com\/lv\/wp-json\/wp\/v2\/tags?post=65986"}],"curies":[{"name":"wp","href":"https:\/\/api.w.org\/{rel}","templated":true}]}}