{"id":65990,"date":"2025-12-05T04:59:09","date_gmt":"2025-12-05T04:59:09","guid":{"rendered":"https:\/\/www.europesays.com\/lv\/65990\/"},"modified":"2025-12-05T04:59:09","modified_gmt":"2025-12-05T04:59:09","slug":"saistiba-ar-parbuvi-pakapeniski-planota-onkologijas-centra-nodalu-parcelsana","status":"publish","type":"post","link":"https:\/\/www.europesays.com\/lv\/65990\/","title":{"rendered":"Saist\u012bb\u0101 ar p\u0101rb\u016bvi pak\u0101peniski pl\u0101nota Onkolo\u0123ijas centra noda\u013cu p\u0101rcel\u0161ana"},"content":{"rendered":"<p>LOC noda\u013cas p\u0101rcels uz &#8220;Gai\u013cezera&#8221; 9. un 1. korpusu, bet &#8220;Gai\u013cezera&#8221; 1. korpusa noda\u013cas &#8211; uz 9. korpusu. Noda\u013cu, kas nav \u0137irur\u0123iska profila, p\u0101rcel\u0161anai pl\u0101nots atv\u0113l\u0113t vienu l\u012bdz divas ned\u0113\u013cas, vismaz m\u0113nesi pirms tam saska\u0146ojot konkr\u0113tos termi\u0146us. LOC noda\u013cu p\u0101rcel\u0161anas sec\u012bba tiks aktualiz\u0113ta p\u0113c 19. decembra.<\/p>\n<p>P\u0101rcel\u0161an\u0101s laik\u0101 pl\u0101nots iesaist\u012bt ar\u012b Nacion\u0101los bru\u0146otos sp\u0113kus un Zemessardzi, lai p\u0101rvietotu gultas, tehnolo\u0123ijas un p\u0101r\u0113j\u0101s iek\u0101rtas.<\/p>\n<p>B\u016bvdarbi slimn\u012bcas telp\u0101s ilgs aptuveni divus gadus, s\u0101kot ar oper\u0101ciju un intens\u012bv\u0101s terapijas zonu rekonstrukciju. To p\u0101rcel\u0161ana uz &#8220;Gai\u013cezera&#8221; telp\u0101m paredz\u0113ta divu m\u0113ne\u0161u laik\u0101 p\u0113c l\u012bguma nosl\u0113g\u0161anas ar b\u016bvdarbu veic\u0113ju, savuk\u0101rt p\u0113c p\u0101rvieto\u0161anas atbr\u012bvot\u0101s telpas tiks nodotas demont\u0101\u017eai.<\/p>\n<p>Stacion\u0101ra &#8220;Gai\u013cezera&#8221; bloks ir gatavs, LOC \u0137irurgu vajadz\u012bb\u0101m tiks nodotas desmit oper\u0101ciju z\u0101les, un oper\u0101cijas tiks nodro\u0161in\u0101tas, apliecin\u0101ja slimn\u012bca.<\/p>\n<p>P\u0101rb\u016bves laik\u0101 tiks nodro\u0161in\u0101ta pakalpojumu nep\u0101rtraukt\u012bba, sola slimn\u012bcas p\u0101rst\u0101vji. Turpin\u0101sies ambulatoro pakalpojumu un \u0136\u012bmijterapijas dienas stacion\u0101ra darbs, ierastaj\u0101s telp\u0101s tiks nodro\u0161in\u0101ta staru terapija. Atsevi\u0161\u0137i izmekl\u0113jumi un manipul\u0101cijas gan var tikt p\u0101rpl\u0101notas atbilsto\u0161i situ\u0101cijai p\u0101rcel\u0161an\u0101s proces\u0101.<\/p>\n","protected":false},"excerpt":{"rendered":"LOC noda\u013cas p\u0101rcels uz &#8220;Gai\u013cezera&#8221; 9. un 1. korpusu, bet &#8220;Gai\u013cezera&#8221; 1. korpusa noda\u013cas &#8211; uz 9. korpusu.&hellip;\n","protected":false},"author":2,"featured_media":65991,"comment_status":"","ping_status":"","sticky":false,"template":"","format":"standard","meta":{"footnotes":""},"categories":[12],"tags":[23,28,29,32,33,22,30,31,35,39,38,36,37,34,17090,40,20,26,27,15194,24,25,787,21],"class_list":{"0":"post-65990","1":"post","2":"type-post","3":"status-publish","4":"format-standard","5":"has-post-thumbnail","7":"category-latvija","8":"tag-aktualitates","9":"tag-breaking-news","10":"tag-breakingnews","11":"tag-featured-news","12":"tag-featurednews","13":"tag-headlines","14":"tag-latest-news","15":"tag-latestnews","16":"tag-latvia","17":"tag-latvian","18":"tag-latviesu","19":"tag-latviesu-valoda","20":"tag-latviesuvaloda","21":"tag-latvija","22":"tag-latvijas-onkologijas-centrs","23":"tag-lv","24":"tag-news","25":"tag-popularakas-zinas","26":"tag-popularakaszinas","27":"tag-rigas-austrumu-kliniska-universitates-slimnica","28":"tag-top-stories","29":"tag-topstories","30":"tag-veselibas-aprupe","31":"tag-zinas"},"share_on_mastodon":{"url":"https:\/\/pubeurope.com\/@lv\/115665198426876252","error":""},"_links":{"self":[{"href":"https:\/\/www.europesays.com\/lv\/wp-json\/wp\/v2\/posts\/65990","targetHints":{"allow":["GET"]}}],"collection":[{"href":"https:\/\/www.europesays.com\/lv\/wp-json\/wp\/v2\/posts"}],"about":[{"href":"https:\/\/www.europesays.com\/lv\/wp-json\/wp\/v2\/types\/post"}],"author":[{"embeddable":true,"href":"https:\/\/www.europesays.com\/lv\/wp-json\/wp\/v2\/users\/2"}],"replies":[{"embeddable":true,"href":"https:\/\/www.europesays.com\/lv\/wp-json\/wp\/v2\/comments?post=65990"}],"version-history":[{"count":0,"href":"https:\/\/www.europesays.com\/lv\/wp-json\/wp\/v2\/posts\/65990\/revisions"}],"wp:featuredmedia":[{"embeddable":true,"href":"https:\/\/www.europesays.com\/lv\/wp-json\/wp\/v2\/media\/65991"}],"wp:attachment":[{"href":"https:\/\/www.europesays.com\/lv\/wp-json\/wp\/v2\/media?parent=65990"}],"wp:term":[{"taxonomy":"category","embeddable":true,"href":"https:\/\/www.europesays.com\/lv\/wp-json\/wp\/v2\/categories?post=65990"},{"taxonomy":"post_tag","embeddable":true,"href":"https:\/\/www.europesays.com\/lv\/wp-json\/wp\/v2\/tags?post=65990"}],"curies":[{"name":"wp","href":"https:\/\/api.w.org\/{rel}","templated":true}]}}