{"id":65996,"date":"2025-12-05T05:08:08","date_gmt":"2025-12-05T05:08:08","guid":{"rendered":"https:\/\/www.europesays.com\/lv\/65996\/"},"modified":"2025-12-05T05:08:08","modified_gmt":"2025-12-05T05:08:08","slug":"latvijas-kamaninu-brauceji-ar-jaukto-paru-sacensibam-sak-jauno-pasaules-kausa-sezonu","status":"publish","type":"post","link":"https:\/\/www.europesays.com\/lv\/65996\/","title":{"rendered":"Latvijas kamani\u0146u brauc\u0113ji ar jaukto p\u0101ru sacens\u012bb\u0101m s\u0101k jauno Pasaules kausa sezonu"},"content":{"rendered":"<p>Plkst.18.30 notiks jaukto p\u0101ru sacens\u012bbas vieniniekiem.<\/p>\n<p>Ar sept\u012bto numuru start\u0113s Gints B\u0113rzi\u0146\u0161 un Kendija Aparjode, bet ar 14. numuru 17 duetu sacens\u012bb\u0101s \u2013 Kristers Aparjods un El\u012bna Ieva Bota.<\/p>\n<p>Piektdien posms s\u0101ksies ar N\u0101ciju kausa sacens\u012bb\u0101m, kas ir kvalifik\u0101cijas sacens\u012bbas Pasaules kausa posmam.<\/p>\n<p>Sportistiem pirmo posmu vajadz\u0113ja aizvad\u012bt Austrijas tras\u0113 \u012agls\u0101, bet renov\u0113t\u0101 trase nebija tik laba, lai taj\u0101 var\u0113tu aizvad\u012bt sacens\u012bbas, un posms tika p\u0101rcelts uz Vinterbergu.<\/p>\n<p>Pasaules kausa (PK) sacens\u012bb\u0101s \u0161osezon ir devi\u0146i posmi. PK n\u0101kamie divi posmi notiks ASV tras\u0113s P\u0101rksitij\u0101 un Leikplesid\u0101, bet gadu mij\u0101 ir pl\u0101nots posms Siguld\u0101. P\u0113c piekt\u0101 posma janv\u0101ra s\u0101kum\u0101 Vinterberg\u0101 beigsies olimpisk\u0101 kvalifik\u0101cija, bet pirmaj\u0101 no diviem posmiem v\u0113l vien\u0101 V\u0101cijas tras\u0113 Oberhof\u0101 tiks dal\u012btas ar\u012b Eiropas \u010dempion\u0101ta meda\u013cas, febru\u0101ra s\u0101kum\u0101 sportistiem sacen\u0161oties Mil\u0101nas-Kort\u012bnas d\u2019Ampeco olimpiskaj\u0101s sp\u0113l\u0113s.<\/p>\n<p class=\"tv3-fw-500\">Zi\u0146o par k\u013c\u016bdu rakst\u0101<\/p>\n<p class=\"d-md-block d-none\">Iez\u012bm\u0113 k\u013c\u016bdaino tekstu un spied Ctrl+Enter.<\/p>\n<p class=\"d-md-none d-block\">Iez\u012bm\u0113 k\u013c\u016bdaino tekstu un zi\u0146o par to!<\/p>\n","protected":false},"excerpt":{"rendered":"Plkst.18.30 notiks jaukto p\u0101ru sacens\u012bbas vieniniekiem. Ar sept\u012bto numuru start\u0113s Gints B\u0113rzi\u0146\u0161 un Kendija Aparjode, bet ar 14.&hellip;\n","protected":false},"author":2,"featured_media":65997,"comment_status":"","ping_status":"","sticky":false,"template":"","format":"standard","meta":{"footnotes":""},"categories":[17],"tags":[17092,35,39,38,36,37,34,40,67],"class_list":{"0":"post-65996","1":"post","2":"type-post","3":"status-publish","4":"format-standard","5":"has-post-thumbnail","7":"category-sports","8":"tag-elina-ieva-botakamaninu-sportskendija-aparjodekristers-aparjodsmartins-botsroberts-plumeziemas-sports","9":"tag-latvia","10":"tag-latvian","11":"tag-latviesu","12":"tag-latviesu-valoda","13":"tag-latviesuvaloda","14":"tag-latvija","15":"tag-lv","16":"tag-sports"},"share_on_mastodon":{"url":"https:\/\/pubeurope.com\/@lv\/115665233695766382","error":""},"_links":{"self":[{"href":"https:\/\/www.europesays.com\/lv\/wp-json\/wp\/v2\/posts\/65996","targetHints":{"allow":["GET"]}}],"collection":[{"href":"https:\/\/www.europesays.com\/lv\/wp-json\/wp\/v2\/posts"}],"about":[{"href":"https:\/\/www.europesays.com\/lv\/wp-json\/wp\/v2\/types\/post"}],"author":[{"embeddable":true,"href":"https:\/\/www.europesays.com\/lv\/wp-json\/wp\/v2\/users\/2"}],"replies":[{"embeddable":true,"href":"https:\/\/www.europesays.com\/lv\/wp-json\/wp\/v2\/comments?post=65996"}],"version-history":[{"count":0,"href":"https:\/\/www.europesays.com\/lv\/wp-json\/wp\/v2\/posts\/65996\/revisions"}],"wp:featuredmedia":[{"embeddable":true,"href":"https:\/\/www.europesays.com\/lv\/wp-json\/wp\/v2\/media\/65997"}],"wp:attachment":[{"href":"https:\/\/www.europesays.com\/lv\/wp-json\/wp\/v2\/media?parent=65996"}],"wp:term":[{"taxonomy":"category","embeddable":true,"href":"https:\/\/www.europesays.com\/lv\/wp-json\/wp\/v2\/categories?post=65996"},{"taxonomy":"post_tag","embeddable":true,"href":"https:\/\/www.europesays.com\/lv\/wp-json\/wp\/v2\/tags?post=65996"}],"curies":[{"name":"wp","href":"https:\/\/api.w.org\/{rel}","templated":true}]}}