{"id":6605,"date":"2025-09-27T22:02:07","date_gmt":"2025-09-27T22:02:07","guid":{"rendered":"https:\/\/www.europesays.com\/lv\/6605\/"},"modified":"2025-09-27T22:02:07","modified_gmt":"2025-09-27T22:02:07","slug":"horoskops-svetdienai-28-septembrim","status":"publish","type":"post","link":"https:\/\/www.europesays.com\/lv\/6605\/","title":{"rendered":"Horoskops sv\u0113tdienai: 28. septembrim"},"content":{"rendered":"<p>Dienas horoskops: Sv\u0113tdien jut\u012bsies rado\u0161s un priec\u012bgs. V\u0113l\u0113sies b\u016bt uzman\u012bbas centr\u0101. Nep\u0101rv\u0113rt\u0113 savus sp\u0113kus. Vakars piem\u0113rots nelielai izklaidei.<br \/>M\u012blest\u012bba un karjera: Attiec\u012bb\u0101s vald\u012bs romantika un siltums. Partneris nov\u0113rt\u0113s tavu d\u0101snumu. Darb\u0101 idejas uzplaiksn\u012bs negaid\u012bti. Pan\u0101kumi n\u0101ks ar iedvesmu.<\/p>\n<p>Dienas horoskops: Sv\u0113tdiena piem\u0113rota m\u0101jas sak\u0101rto\u0161anai un ikdienas pl\u0101niem. Neaizraujies ar s\u012bkumiem. Sajut\u012bsi gandar\u012bjumu no k\u0101rt\u012bbas. Vakars piem\u0113rots miera baud\u012b\u0161anai.<br \/>M\u012blest\u012bba un karjera: Attiec\u012bb\u0101s v\u0113l\u0113sies skaidr\u012bbu un uztic\u0113\u0161anos. Partneris sajut\u012bs dro\u0161\u012bbu. Darb\u0101 vari sak\u0101rtot pl\u0101nus n\u0101kamajai ned\u0113\u013cai. Pan\u0101kumi n\u0101ks ar discipl\u012bnu.<\/p>\n<p>Dienas horoskops: Sv\u0113tdien jut\u012bsies vajadz\u012bba p\u0113c l\u012bdzsvara. Iesp\u0113jama saruna, kas pal\u012bdz atrisin\u0101t neskaidr\u012bbas. Nep\u0101rsp\u012bl\u0113 ar kritiku. Vakars piem\u0113rots harmonijai m\u0101j\u0101s.<br \/>M\u012blest\u012bba un karjera: Attiec\u012bb\u0101s svar\u012bga b\u016bs sapratne un dialogs. Partneris nov\u0113rt\u0113s tavu diplom\u0101tiju. Darb\u0101 vari p\u0101rdom\u0101t sadarb\u012bbas iesp\u0113jas. Pan\u0101kumi n\u0101ks ar l\u012bdzsvaru.<\/p>\n<p>Dienas horoskops: Sv\u0113tdiena b\u016bs dzi\u013ci emocion\u0101la. Grib\u0113si klusumu un p\u0101rdomas. Nep\u0101rcenties ar p\u0101rlieku kontroli. Vakars piem\u0113rots medit\u0101cijai.<br \/>M\u012blest\u012bba un karjera: Attiec\u012bb\u0101s vald\u012bs intensit\u0101te, bet ar\u012b tuv\u012bba. Partneris sajut\u012bs tavu kaisli. Darb\u0101 intu\u012bcija pal\u012bdz\u0113s sagatavoties n\u0101kamajai ned\u0113\u013cai. Pan\u0101kumi n\u0101ks ar god\u012bgumu.<\/p>\n<p>Dienas horoskops: Sv\u0113tdien grib\u0113si kust\u012bbu un br\u012bv\u012bbu. P\u0101rg\u0101jiens vai ce\u013cojums sniegs prieku. Nep\u0101rsp\u012bl\u0113 ar risku. Vakars piem\u0113rots draudz\u012bbai.<br \/>M\u012blest\u012bba un karjera: Attiec\u012bb\u0101s ienes\u012bs prieku un jaunas idejas. Br\u012bvajiem iesp\u0113jama satik\u0161an\u0101s. Darb\u0101 g\u016bsi iedvesmu jaunam projektam. Pan\u0101kumi n\u0101ks ar optimismu.<\/p>\n","protected":false},"excerpt":{"rendered":"Dienas horoskops: Sv\u0113tdien jut\u012bsies rado\u0161s un priec\u012bgs. V\u0113l\u0113sies b\u016bt uzman\u012bbas centr\u0101. Nep\u0101rv\u0113rt\u0113 savus sp\u0113kus. Vakars piem\u0113rots nelielai izklaidei.M\u012blest\u012bba&hellip;\n","protected":false},"author":2,"featured_media":6606,"comment_status":"","ping_status":"","sticky":false,"template":"","format":"standard","meta":{"footnotes":""},"categories":[19],"tags":[63,65,60,89,59,90,70,64,35,39,38,36,37,34,40,68,69,66,67,62,21,61],"class_list":{"0":"post-6605","1":"post","2":"type-post","3":"status-publish","4":"format-standard","5":"has-post-thumbnail","7":"category-izklaide","8":"tag-arvalstis","9":"tag-auto","10":"tag-egoiste","11":"tag-entertainment","12":"tag-financenet","13":"tag-izklaide","14":"tag-klik","15":"tag-kultura","16":"tag-latvia","17":"tag-latvian","18":"tag-latviesu","19":"tag-latviesu-valoda","20":"tag-latviesuvaloda","21":"tag-latvija","22":"tag-lv","23":"tag-maja","24":"tag-receptes","25":"tag-sejas","26":"tag-sports","27":"tag-viedokli","28":"tag-zinas","29":"tag-zinatne"},"share_on_mastodon":{"url":"","error":""},"_links":{"self":[{"href":"https:\/\/www.europesays.com\/lv\/wp-json\/wp\/v2\/posts\/6605","targetHints":{"allow":["GET"]}}],"collection":[{"href":"https:\/\/www.europesays.com\/lv\/wp-json\/wp\/v2\/posts"}],"about":[{"href":"https:\/\/www.europesays.com\/lv\/wp-json\/wp\/v2\/types\/post"}],"author":[{"embeddable":true,"href":"https:\/\/www.europesays.com\/lv\/wp-json\/wp\/v2\/users\/2"}],"replies":[{"embeddable":true,"href":"https:\/\/www.europesays.com\/lv\/wp-json\/wp\/v2\/comments?post=6605"}],"version-history":[{"count":0,"href":"https:\/\/www.europesays.com\/lv\/wp-json\/wp\/v2\/posts\/6605\/revisions"}],"wp:featuredmedia":[{"embeddable":true,"href":"https:\/\/www.europesays.com\/lv\/wp-json\/wp\/v2\/media\/6606"}],"wp:attachment":[{"href":"https:\/\/www.europesays.com\/lv\/wp-json\/wp\/v2\/media?parent=6605"}],"wp:term":[{"taxonomy":"category","embeddable":true,"href":"https:\/\/www.europesays.com\/lv\/wp-json\/wp\/v2\/categories?post=6605"},{"taxonomy":"post_tag","embeddable":true,"href":"https:\/\/www.europesays.com\/lv\/wp-json\/wp\/v2\/tags?post=6605"}],"curies":[{"name":"wp","href":"https:\/\/api.w.org\/{rel}","templated":true}]}}