{"id":66114,"date":"2025-12-05T07:28:08","date_gmt":"2025-12-05T07:28:08","guid":{"rendered":"https:\/\/www.europesays.com\/lv\/66114\/"},"modified":"2025-12-05T07:28:08","modified_gmt":"2025-12-05T07:28:08","slug":"viss-notika-neticami-atri-sergeja-stasts-par-hospisu","status":"publish","type":"post","link":"https:\/\/www.europesays.com\/lv\/66114\/","title":{"rendered":"&#8220;Viss notika neticami \u0101tri.&#8221; Sergeja st\u0101sts par hospisu"},"content":{"rendered":"<p>Sergejs vair\u0101kas reizes aizdedzina cigareti, atver un aizver logu. Sarunas laik\u0101 daudz klus\u0113jam. Abi. V\u0113l nav pag\u0101jis m\u0113nesis, kop\u0161 vi\u0146a sieva tepat m\u0101j\u0101s nomira. Sergejs atz\u012bst, ka tas v\u0113l k\u0101du laiku t\u0101 \u012bsti neb\u016bs aptverams, bet vi\u0146\u0161 ar\u012b saka: vi\u0146ai t\u0101 ir lab\u0101k. St\u0101sts par sievas dz\u012bves p\u0113d\u0113jo m\u0113nesi ir smags.<\/p>\n<p>Past\u0101stiet &#8211; k\u0101da vi\u0146a bija?<\/p>\n<p>Vi\u0146a bija stipra, gudra sieviete. Labs cilv\u0113ks. Visiem vienm\u0113r pal\u012bdz\u0113ja. Vi\u0146a pal\u012bdz\u0113jusi daudziem, daudziem cilv\u0113kiem. Nodz\u012bvoj\u0101m kop\u0101 11 gadus.<\/p>\n<p>Sievai bija kr\u016bts v\u0113zis, bet vi\u0146a piln\u012bb\u0101 izvese\u013coj\u0101s. Piecus gadus v\u0113l\u0101k v\u0113zis atgriez\u0101s. Tas bija ieperin\u0101jies iek\u0161\u0113jos org\u0101nos. \u0100rsti neko nevar\u0113ja izdar\u012bt. Tas vienk\u0101r\u0161i progres\u0113ja v\u0101jpr\u0101ta \u0101trum\u0101. Viss notika neticami \u0101tri.<\/p>\n<p>Vispirms vi\u0146a m\u0113nesi bija slimn\u012bc\u0101. Tad vi\u0146u izrakst\u012bja uz m\u0101j\u0101m. M\u0113nesi m\u0113\u0123in\u0101j\u0101m hormonu terapiju. T\u0101 nepal\u012bdz\u0113ja. Tad jau piesl\u0113dz\u0101s paliat\u012bv\u0101 apr\u016bpe m\u0101j\u0101s \u2013 <a href=\"https:\/\/www.apollo.lv\/term\/696674\/hospiss\" class=\"topicLink\" target=\"_blank\" rel=\"nofollow noopener\">hospiss<\/a>.<\/p>\n<p>Es dar\u012bju visu, ko var\u0113ju. Nekas daudz jau nebija, ko var\u0113ju dar\u012bt, &#8211; tikai sniegt emocion\u0101lu atbalstu, dot z\u0101les un visu p\u0101r\u0113jo, lai mazliet atvieglotu vi\u0146ai dz\u012bvi. Lieliski sapratu, ka jebkur\u0101 br\u012bd\u012b var notikt jebkas. \u0100rsti man j\u016blij\u0101 bija pateiku\u0161i, ka termi\u0146\u0161 ir k\u0101di se\u0161i m\u0113ne\u0161i, tas ar\u012b viss. Ja v\u0113zis ir non\u0101cis tik t\u0101lu, nav nek\u0101du izred\u017eu. \u0136\u012bmijterapija neko tur vairs nevar\u0113ja pal\u012bdz\u0113t. Tad jau lab\u0101k m\u0101j\u0101s.<\/p>\n<p>Vi\u0146a pati to zin\u0101ja?<\/p>\n<p>Protams, zin\u0101ja. Kas tur ko sl\u0113pt. Tagad vi\u0146ai nekas nes\u0101p. Vi\u0146ai tur ir labi. Debesu valst\u012bb\u0101, tur viss ir lieliski. Vi\u0146ai tur tagad ir daudz lab\u0101k nek\u0101 \u0161eit.<\/p>\n<p>P\u0113d\u0113j\u0101s ned\u0113\u013cas vi\u0146ai \u013coti s\u0101p\u0113ja. Ar katru dienu k\u013cuva arvien slikt\u0101k. Es vi\u0146ai pal\u012bdz\u0113ju ar vis\u0101diem medikamentiem, veicu injekcijas, m\u0113\u0123in\u0101ju barot. Vi\u0146a vairs praktiski ne\u0113da, \u0137ermenis atgr\u016bda \u0113dienu. Hospiss n\u0101ca pie mums divas reizes dien\u0101.<\/p>\n<p>Vai par to kaut kas j\u0101maks\u0101?<\/p>\n<p>N\u0113, nekas nav j\u0101maks\u0101, t\u0101 laikam ir valsts p\u0101rvald\u012bta programma. Nu vien\u012bgais pa\u0161am bija j\u0101p\u0113rk aptiek\u0101 prets\u0101pju z\u0101les, z\u0101les pret sliktu d\u016b\u0161u, pret caureju, t\u0101das lietas. Bet hospiss mums iedeva speci\u0101lo gultu, tualeti, auti\u0146biks\u012btes \u2013 par to nekas nav j\u0101maks\u0101. Ar\u012b par \u0161\u013circ\u0113m, par speci\u0101lo uzturu nekas nebija j\u0101maks\u0101. Speci\u0101lo uzturu sieva sauca par balto \u0161okol\u0101di \u2013 t\u0101ds balts \u0161\u0137idrums, to ar speci\u0101lu \u0161\u013circi ievad\u012bja.<\/p>\n","protected":false},"excerpt":{"rendered":"Sergejs vair\u0101kas reizes aizdedzina cigareti, atver un aizver logu. Sarunas laik\u0101 daudz klus\u0113jam. Abi. V\u0113l nav pag\u0101jis m\u0113nesis,&hellip;\n","protected":false},"author":2,"featured_media":66115,"comment_status":"","ping_status":"","sticky":false,"template":"","format":"standard","meta":{"footnotes":""},"categories":[5],"tags":[23,28,29,14791,32,33,22,6451,6450,17098,30,31,35,39,38,36,37,34,40,20,26,27,24,25,21],"class_list":{"0":"post-66114","1":"post","2":"type-post","3":"status-publish","4":"format-standard","5":"has-post-thumbnail","7":"category-aktualitates","8":"tag-aktualitates","9":"tag-breaking-news","10":"tag-breakingnews","11":"tag-cilvekstasts","12":"tag-featured-news","13":"tag-featurednews","14":"tag-headlines","15":"tag-hospiss","16":"tag-hospiss-lv","17":"tag-labdaribas-projekts","18":"tag-latest-news","19":"tag-latestnews","20":"tag-latvia","21":"tag-latvian","22":"tag-latviesu","23":"tag-latviesu-valoda","24":"tag-latviesuvaloda","25":"tag-latvija","26":"tag-lv","27":"tag-news","28":"tag-popularakas-zinas","29":"tag-popularakaszinas","30":"tag-top-stories","31":"tag-topstories","32":"tag-zinas"},"share_on_mastodon":{"url":"","error":""},"_links":{"self":[{"href":"https:\/\/www.europesays.com\/lv\/wp-json\/wp\/v2\/posts\/66114","targetHints":{"allow":["GET"]}}],"collection":[{"href":"https:\/\/www.europesays.com\/lv\/wp-json\/wp\/v2\/posts"}],"about":[{"href":"https:\/\/www.europesays.com\/lv\/wp-json\/wp\/v2\/types\/post"}],"author":[{"embeddable":true,"href":"https:\/\/www.europesays.com\/lv\/wp-json\/wp\/v2\/users\/2"}],"replies":[{"embeddable":true,"href":"https:\/\/www.europesays.com\/lv\/wp-json\/wp\/v2\/comments?post=66114"}],"version-history":[{"count":0,"href":"https:\/\/www.europesays.com\/lv\/wp-json\/wp\/v2\/posts\/66114\/revisions"}],"wp:featuredmedia":[{"embeddable":true,"href":"https:\/\/www.europesays.com\/lv\/wp-json\/wp\/v2\/media\/66115"}],"wp:attachment":[{"href":"https:\/\/www.europesays.com\/lv\/wp-json\/wp\/v2\/media?parent=66114"}],"wp:term":[{"taxonomy":"category","embeddable":true,"href":"https:\/\/www.europesays.com\/lv\/wp-json\/wp\/v2\/categories?post=66114"},{"taxonomy":"post_tag","embeddable":true,"href":"https:\/\/www.europesays.com\/lv\/wp-json\/wp\/v2\/tags?post=66114"}],"curies":[{"name":"wp","href":"https:\/\/api.w.org\/{rel}","templated":true}]}}