{"id":6615,"date":"2025-09-27T23:03:11","date_gmt":"2025-09-27T23:03:11","guid":{"rendered":"https:\/\/www.europesays.com\/lv\/6615\/"},"modified":"2025-09-27T23:03:11","modified_gmt":"2025-09-27T23:03:11","slug":"jelgava-un-auda-spele-neizskirti-latvijas-virsligas-maca","status":"publish","type":"post","link":"https:\/\/www.europesays.com\/lv\/6615\/","title":{"rendered":"&#8220;Jelgava&#8221; un \u201cAuda\u201d sp\u0113l\u0113 neiz\u0161\u0137irti Latvijas virsl\u012bgas ma\u010d\u0101"},"content":{"rendered":"<p>Kaut gan sp\u0113li lab\u0101k uzs\u0101ka m\u0101jinieki, p\u0113c Ondr\u017eeja Ullmana k\u013c\u016bdas aizsardz\u012bb\u0101 vienatn\u0113 ar v\u0101rtsargu Adamu Dvor\u0101ku nok\u013cuva Eduards Da\u0161\u0137evi\u010ds, apsp\u0113l\u0113jot Dvor\u0101ku un izvirzot &#8220;Auda&#8221; vien\u012bbu vad\u012bb\u0101 ar 1:0.<\/p>\n<p>79. min\u016bt\u0113 m\u0101jinieki pan\u0101ca 1:1. P\u0113c Davida Holoubeka piesp\u0113les no lab\u0101s puses paral\u0113li viesu soda laukuma l\u012bnijai v\u0101rtus ar sitienu metru pirms soda laukuma guva Kristers Penkevics, raidot bumbu v\u0101rtu kreisaj\u0101 st\u016br\u012b.<\/p>\n<p>&#8220;Jelgava&#8221; p\u0113c uzvaras ar 4:1 p\u0101r \u010dempioni RFS p\u0113d\u0113j\u0101 sp\u0113l\u0113 ar 2:3 zaud\u0113ja &#8220;Riga&#8221; komandai.<\/p>\n<p>&#8220;Auda&#8221; p\u0113c sagr\u0101ves ma\u010d\u0101 ar &#8220;Riga&#8221; komandu (0:6) Latvijas kausa pusfin\u0101l\u0101 ar 2:0 pieveica RFS, bet virsl\u012bgas sp\u0113l\u0113 ar 3:2 &#8211; &#8220;Super Nova&#8221; vien\u012bbu.<\/p>\n<p>\u0160osezon savstarp\u0113j\u0101s sp\u0113l\u0113s pirmaj\u0101 un tre\u0161aj\u0101 ri\u0146\u0137\u012b ar 2:0 uzvar\u0113ja &#8220;Auda&#8221;, bet otraj\u0101 apl\u012b ar 3:1 &#8211; &#8220;Jelgava&#8221;.<\/p>\n<p>M\u0101jiniekiem nevar\u0113ja pal\u012bdz\u0113t uz vienu sp\u0113li diskvalific\u0113tais pussargs G\u013cebs \u017daleiko.<\/p>\n<p>Piektdien &#8220;Metta&#8221; sav\u0101 laukum\u0101 J\u016brmal\u0101 ar 0:1 zaud\u0113ja &#8220;Grobi\u0146ai&#8221;.<\/p>\n<p>Sv\u0113tdien &#8220;Tukums 2000&#8221; sp\u0113l\u0113s ar &#8220;Super Nova&#8221; un &#8220;Liep\u0101ja&#8221; &#8211; ar RFS, bet pirmdien &#8220;Daugavpils&#8221; uz\u0146ems &#8220;Riga&#8221; vien\u012bbu.<\/p>\n<p>Turn\u012bra tabul\u0101 p\u0113c 30 sp\u0113l\u0113m 77 punkti ir &#8220;Riga&#8221;, 71 punkts &#8211; RFS vien\u012bbai, bet 53 punkti &#8211; &#8220;Liep\u0101jai&#8221;. 31 c\u012b\u0146\u0101 44 punkti ir &#8220;Auda&#8221; komandai, 43 punkti 30 sp\u0113l\u0113s &#8211; &#8220;Daugavpilij&#8221;, sest\u0101 ar 33 punktiem 31 c\u012b\u0146\u0101 ir &#8220;Jelgava&#8221;, 30 ma\u010dos 28 punkti ir &#8220;Tukums 2000&#8221; vien\u012bbai un 26 punkti &#8211; &#8220;Super Nova&#8221; komandai, bet 31 ma\u010d\u0101 26 punkti ir &#8220;Grobi\u0146ai&#8221; un 24 punkti &#8211; &#8220;Metta&#8221; vien\u012bbai.<\/p>\n<p>Virsl\u012bgas \u010dempion\u0101ts ar desmit komandu l\u012bdzdal\u012bbu notiek \u010detros ap\u013cos, katrai komandai l\u012bdz novembrim aizvadot 36 sp\u0113les.<\/p>\n<p>Pag\u0101ju\u0161aj\u0101 sezon\u0101 tre\u0161o reizi par \u010dempioni k\u013cuva RFS.<\/p>\n","protected":false},"excerpt":{"rendered":"Kaut gan sp\u0113li lab\u0101k uzs\u0101ka m\u0101jinieki, p\u0113c Ondr\u017eeja Ullmana k\u013c\u016bdas aizsardz\u012bb\u0101 vienatn\u0113 ar v\u0101rtsargu Adamu Dvor\u0101ku nok\u013cuva Eduards&hellip;\n","protected":false},"author":2,"featured_media":6616,"comment_status":"","ping_status":"","sticky":false,"template":"","format":"standard","meta":{"footnotes":""},"categories":[17],"tags":[1423,713,35,39,38,36,37,34,40,1297,67],"class_list":{"0":"post-6615","1":"post","2":"type-post","3":"status-publish","4":"format-standard","5":"has-post-thumbnail","7":"category-sports","8":"tag-auda","9":"tag-futbola-virsliga","10":"tag-latvia","11":"tag-latvian","12":"tag-latviesu","13":"tag-latviesu-valoda","14":"tag-latviesuvaloda","15":"tag-latvija","16":"tag-lv","17":"tag-metta","18":"tag-sports"},"share_on_mastodon":{"url":"","error":""},"_links":{"self":[{"href":"https:\/\/www.europesays.com\/lv\/wp-json\/wp\/v2\/posts\/6615","targetHints":{"allow":["GET"]}}],"collection":[{"href":"https:\/\/www.europesays.com\/lv\/wp-json\/wp\/v2\/posts"}],"about":[{"href":"https:\/\/www.europesays.com\/lv\/wp-json\/wp\/v2\/types\/post"}],"author":[{"embeddable":true,"href":"https:\/\/www.europesays.com\/lv\/wp-json\/wp\/v2\/users\/2"}],"replies":[{"embeddable":true,"href":"https:\/\/www.europesays.com\/lv\/wp-json\/wp\/v2\/comments?post=6615"}],"version-history":[{"count":0,"href":"https:\/\/www.europesays.com\/lv\/wp-json\/wp\/v2\/posts\/6615\/revisions"}],"wp:featuredmedia":[{"embeddable":true,"href":"https:\/\/www.europesays.com\/lv\/wp-json\/wp\/v2\/media\/6616"}],"wp:attachment":[{"href":"https:\/\/www.europesays.com\/lv\/wp-json\/wp\/v2\/media?parent=6615"}],"wp:term":[{"taxonomy":"category","embeddable":true,"href":"https:\/\/www.europesays.com\/lv\/wp-json\/wp\/v2\/categories?post=6615"},{"taxonomy":"post_tag","embeddable":true,"href":"https:\/\/www.europesays.com\/lv\/wp-json\/wp\/v2\/tags?post=6615"}],"curies":[{"name":"wp","href":"https:\/\/api.w.org\/{rel}","templated":true}]}}