{"id":66183,"date":"2025-12-05T08:24:07","date_gmt":"2025-12-05T08:24:07","guid":{"rendered":"https:\/\/www.europesays.com\/lv\/66183\/"},"modified":"2025-12-05T08:24:07","modified_gmt":"2025-12-05T08:24:07","slug":"video-%e2%9f%a9-vasiljevs-sajusmina-ar-baudpilnu-slidojumu-tacu-nosleguma-paslid-joprojam-bez-trenera","status":"publish","type":"post","link":"https:\/\/www.europesays.com\/lv\/66183\/","title":{"rendered":"VIDEO \u27e9 Vasi\u013cjevs saj\u016bsmina ar baudpilnu slidojumu, ta\u010du nosl\u0113gum\u0101 pasl\u012bd. Joproj\u0101m bez trenera"},"content":{"rendered":"<p>\u012asaj\u0101 programm\u0101 latvietis demonstr\u0113ja savu \u0161\u012bs sezonas lab\u0101ko sniegumu, radot skat\u012bt\u0101jiem patiesu baud\u012bjumu ar savu skaisto, pl\u016bsto\u0161o un tehniski p\u0101rliecino\u0161o slidojumu.<\/p>\n<p>Vasi\u013cjevs ar augstu precizit\u0101ti izpild\u012bja visus l\u0113cienus un sa\u0146\u0113ma pozit\u012bvu v\u0113rt\u0113jumu par teju visiem elementiem. Vien\u012bgais iz\u0146\u0113mums bija programm\u0101 p\u0113d\u0113jais \u2013 grieziena laik\u0101 dai\u013cslidot\u0101js pasl\u012bd\u0113ja, un t\u016bl\u012bt p\u0113c fini\u0161a vi\u0146a sej\u0101 bija redzama vil\u0161an\u0101s.<\/p>\n<p>Par \u012bso programmu Vasi\u013cjevs sa\u0146\u0113ma 79,00 punktus (sezonas augst\u0101kais rezult\u0101ts), kas vi\u0146u ierindoja tre\u0161aj\u0101 viet\u0101. Priek\u0161\u0101 atrodas Kevins Aimozs (87,52) un Daniels Martinovs (84,06).<\/p>\n<p>\u0160oreiz Vasi\u013cjevs punktus gaid\u012bja ar komp\u0101niju \u2013 nevis treneri, bet savu mened\u017eeri Kristoferu Trevizanu.<\/p>\n<p>Pirmaj\u0101 &#8220;Grand Prix&#8221; posm\u0101 \u0136\u012bn\u0101 p\u0113c latvie\u0161a slidojuma bija v\u0113rojama neparasta aina: vi\u0146\u0161 viens pats s\u0113d\u0113ja uz soli\u0146a, gaidot tiesne\u0161u v\u0113rt\u0113jumu. Parasti \u0161\u0101d\u0101 br\u012bd\u012b l\u012bdz\u0101s ir treneris. L\u012bdz\u012bga situ\u0101cija atk\u0101rtoj\u0101s ar\u012b &#8220;Finlandia Trophy&#8221; sacens\u012bbu pirmaj\u0101 dien\u0101, savuk\u0101rt p\u0113c izv\u0113les programmas vi\u0146am l\u012bdz\u0101s jau bija Anna Be\u013c\u0113vi\u010da.<\/p>\n<p>Izv\u0113les programma Zagreb\u0101 paredz\u0113ta piektdien, 5. decembr\u012b, plkst.21.48.<\/p>\n<p>L\u012bdz \u0161im Vasi\u013cjevs \u0161osezon bija piedal\u012bjies tikai &#8220;Grand Prix&#8221; posmos, ierindojoties 10. viet\u0101 gan \u0136\u012bn\u0101, gan Somij\u0101.<\/p>\n<p>Daugavpilietis \u0161osezon pl\u0101no start\u0113t Mil\u0101nas &#8211; Kort\u012bnas d&#8217;Ampeco olimpiskaj\u0101s sp\u0113l\u0113s, pasaules un Eiropas \u010dempion\u0101tos. Vasi\u013cjevam n\u0101cies izlaist Latvijas \u010dempion\u0101tu, kas norisin\u0101s paral\u0113li Zagrebas sacens\u012bb\u0101m.<\/p>\n<p>\u0160\u012b gada pasaules \u010dempion\u0101t\u0101 vi\u0146\u0161 kop\u0101 ar Fediru Kuli\u0161u nodro\u0161in\u0101ja Latvijai divas kvotas 2026. gada olimpiskaj\u0101s sp\u0113l\u0113s.<\/p>\n","protected":false},"excerpt":{"rendered":"\u012asaj\u0101 programm\u0101 latvietis demonstr\u0113ja savu \u0161\u012bs sezonas lab\u0101ko sniegumu, radot skat\u012bt\u0101jiem patiesu baud\u012bjumu ar savu skaisto, pl\u016bsto\u0161o un&hellip;\n","protected":false},"author":2,"featured_media":66184,"comment_status":"","ping_status":"","sticky":false,"template":"","format":"standard","meta":{"footnotes":""},"categories":[17],"tags":[1295,1294,35,39,38,36,37,34,40,17104,67],"class_list":{"0":"post-66183","1":"post","2":"type-post","3":"status-publish","4":"format-standard","5":"has-post-thumbnail","7":"category-sports","8":"tag-dailslidosana","9":"tag-deniss-vasiljevs","10":"tag-latvia","11":"tag-latvian","12":"tag-latviesu","13":"tag-latviesu-valoda","14":"tag-latviesuvaloda","15":"tag-latvija","16":"tag-lv","17":"tag-slidosana","18":"tag-sports"},"share_on_mastodon":{"url":"https:\/\/pubeurope.com\/@lv\/115666004373325243","error":""},"_links":{"self":[{"href":"https:\/\/www.europesays.com\/lv\/wp-json\/wp\/v2\/posts\/66183","targetHints":{"allow":["GET"]}}],"collection":[{"href":"https:\/\/www.europesays.com\/lv\/wp-json\/wp\/v2\/posts"}],"about":[{"href":"https:\/\/www.europesays.com\/lv\/wp-json\/wp\/v2\/types\/post"}],"author":[{"embeddable":true,"href":"https:\/\/www.europesays.com\/lv\/wp-json\/wp\/v2\/users\/2"}],"replies":[{"embeddable":true,"href":"https:\/\/www.europesays.com\/lv\/wp-json\/wp\/v2\/comments?post=66183"}],"version-history":[{"count":0,"href":"https:\/\/www.europesays.com\/lv\/wp-json\/wp\/v2\/posts\/66183\/revisions"}],"wp:featuredmedia":[{"embeddable":true,"href":"https:\/\/www.europesays.com\/lv\/wp-json\/wp\/v2\/media\/66184"}],"wp:attachment":[{"href":"https:\/\/www.europesays.com\/lv\/wp-json\/wp\/v2\/media?parent=66183"}],"wp:term":[{"taxonomy":"category","embeddable":true,"href":"https:\/\/www.europesays.com\/lv\/wp-json\/wp\/v2\/categories?post=66183"},{"taxonomy":"post_tag","embeddable":true,"href":"https:\/\/www.europesays.com\/lv\/wp-json\/wp\/v2\/tags?post=66183"}],"curies":[{"name":"wp","href":"https:\/\/api.w.org\/{rel}","templated":true}]}}