{"id":66190,"date":"2025-12-05T08:35:37","date_gmt":"2025-12-05T08:35:37","guid":{"rendered":"https:\/\/www.europesays.com\/lv\/66190\/"},"modified":"2025-12-05T08:35:37","modified_gmt":"2025-12-05T08:35:37","slug":"carnival-youth-un-finkis-parsteidz-ar-kopdziesmu-un-klipu-no-kambodzas-lente-lv","status":"publish","type":"post","link":"https:\/\/www.europesays.com\/lv\/66190\/","title":{"rendered":"\u201eCarnival Youth\u201d un Fi\u0146\u0137is p\u0101rsteidz ar kopdziesmu un klipu no Kambod\u017eas\u00a0\u2014\u00a0Lente.lv"},"content":{"rendered":"<p>M\u016bzi\u0137u sadarb\u012bbas jaunumi<\/p>\n<p>Grupa \u201eCarnival Youth\u201d un ener\u0123iskais reperis Fi\u0146\u0137is ir apvienoju\u0161i sp\u0113kus, radot jaunu kop\u012bgu dziesmu ar nosaukumu \u201ePu\u0137es\u201d. \u0160\u012b aizraujo\u0161\u0101 sadarb\u012bba sola klaus\u012bt\u0101jiem svaigu skan\u0113jumu, apvienojot grupas melodisko pieeju ar Fi\u0146\u0137a ritmisko un dzirksto\u0161o stilu.<\/p>\n<p>Dziesmai pievienots ar\u012b videoklips, kas uz\u0146emts eksotiskaj\u0101 Kambod\u017e\u0101, pie\u0161\u0137irot vizu\u0101lajai pusei ne tikai unik\u0101lu atmosf\u0113ru, bet ar\u012b dzi\u013c\u0101ku st\u0101stu. \u0160\u012b neparast\u0101 atra\u0161an\u0101s vieta videoklipa film\u0113\u0161anai pie\u0161\u0137ir papildu intrigu un vizu\u0101lu baud\u012bjumu.<\/p>\n<p>Klipa tap\u0161anas aizkulises<\/p>\n<p>K\u0101 \u012bpa\u0161s akcents \u0161im projektam ir klipa re\u017eisors \u2013 kambod\u017eietis Leo Lions. Vi\u0146a dal\u012bba pie\u0161\u0137ir projektam glob\u0101lu piesitienu un interesantu st\u0101stu. Lions ir ne tikai talant\u012bgs vizion\u0101re, bet ar\u012b cilv\u0113ks ar iespaid\u012bgu pag\u0101tni, jo savulaik vi\u0146\u0161 pild\u012bjis \u0161ofera pien\u0101kumus pasaul\u0113 zin\u0101majai aktrisei And\u017eel\u012bnai D\u017eolijai. \u0160\u012b negaid\u012bt\u0101 saikne starp Latvijas m\u016bzi\u0137iem un starptautiski atpaz\u012bstamu personu v\u0113sturi pie\u0161\u0137ir projektam v\u0113l liel\u0101ku v\u0113rt\u012bbu un interesantu st\u0101st\u012bjumu.<\/p>\n<p>Kambod\u017eas unik\u0101l\u0101s ainavas un kult\u016bra ir r\u016bp\u012bgi iem\u016b\u017ein\u0101tas klip\u0101, radot vizu\u0101li iespaid\u012bgu fonu dziesmai \u201ePu\u0137es\u201d. \u0160\u0101da izv\u0113le par film\u0113\u0161anas vietu neap\u0161aub\u0101mi ir veicin\u0101jusi dziesmas unikalit\u0101ti un rad\u012bjusi spilgtu, neaizmirstamu pieredzi gan m\u016bzi\u0137iem, gan skat\u012bt\u0101jiem.<\/p>\n<p>M\u016bzikas apvieno\u0161an\u0101s sp\u0113ks<\/p>\n<p>\u201eCarnival Youth\u201d un Fi\u0146\u0137is ir pier\u0101d\u012bju\u0161i, ka da\u017e\u0101du \u017eanru un stilu apvieno\u0161ana var rad\u012bt patie\u0161\u0101m aizraujo\u0161us un inovat\u012bvus muzik\u0101lus projektus. \u201ePu\u0137es\u201d ir spilgts piem\u0113rs tam, k\u0101 divi da\u017e\u0101di m\u0101kslinieki var harmoniski sadarboties, radot kaut ko piln\u012bgi jaunu un svaigu.<\/p>\n<p>\u0160\u012b dziesma ne tikai papla\u0161ina \u201eCarnival Youth\u201d muzik\u0101lo amplit\u016bdu, bet ar\u012b sniedz Fi\u0146\u0137im iesp\u0113ju izpausties jaun\u0101 gaism\u0101, ko nov\u0113rt\u0113s gan vi\u0146a eso\u0161ie fani, gan ar\u012b jaunatkl\u0101j\u0113ji.<\/p>\n","protected":false},"excerpt":{"rendered":"M\u016bzi\u0137u sadarb\u012bbas jaunumi Grupa \u201eCarnival Youth\u201d un ener\u0123iskais reperis Fi\u0146\u0137is ir apvienoju\u0161i sp\u0113kus, radot jaunu kop\u012bgu dziesmu ar&hellip;\n","protected":false},"author":2,"featured_media":66191,"comment_status":"","ping_status":"","sticky":false,"template":"","format":"standard","meta":{"footnotes":""},"categories":[19],"tags":[17105,89,17106,90,9602,17108,35,39,38,36,37,34,40,17107],"class_list":{"0":"post-66190","1":"post","2":"type-post","3":"status-publish","4":"format-standard","5":"has-post-thumbnail","7":"category-izklaide","8":"tag-carnival-youth","9":"tag-entertainment","10":"tag-finkis","11":"tag-izklaide","12":"tag-kambodza","13":"tag-kopdziesma","14":"tag-latvia","15":"tag-latvian","16":"tag-latviesu","17":"tag-latviesu-valoda","18":"tag-latviesuvaloda","19":"tag-latvija","20":"tag-lv","21":"tag-pukes"},"share_on_mastodon":{"url":"https:\/\/pubeurope.com\/@lv\/115666047736986498","error":""},"_links":{"self":[{"href":"https:\/\/www.europesays.com\/lv\/wp-json\/wp\/v2\/posts\/66190","targetHints":{"allow":["GET"]}}],"collection":[{"href":"https:\/\/www.europesays.com\/lv\/wp-json\/wp\/v2\/posts"}],"about":[{"href":"https:\/\/www.europesays.com\/lv\/wp-json\/wp\/v2\/types\/post"}],"author":[{"embeddable":true,"href":"https:\/\/www.europesays.com\/lv\/wp-json\/wp\/v2\/users\/2"}],"replies":[{"embeddable":true,"href":"https:\/\/www.europesays.com\/lv\/wp-json\/wp\/v2\/comments?post=66190"}],"version-history":[{"count":0,"href":"https:\/\/www.europesays.com\/lv\/wp-json\/wp\/v2\/posts\/66190\/revisions"}],"wp:featuredmedia":[{"embeddable":true,"href":"https:\/\/www.europesays.com\/lv\/wp-json\/wp\/v2\/media\/66191"}],"wp:attachment":[{"href":"https:\/\/www.europesays.com\/lv\/wp-json\/wp\/v2\/media?parent=66190"}],"wp:term":[{"taxonomy":"category","embeddable":true,"href":"https:\/\/www.europesays.com\/lv\/wp-json\/wp\/v2\/categories?post=66190"},{"taxonomy":"post_tag","embeddable":true,"href":"https:\/\/www.europesays.com\/lv\/wp-json\/wp\/v2\/tags?post=66190"}],"curies":[{"name":"wp","href":"https:\/\/api.w.org\/{rel}","templated":true}]}}