{"id":66218,"date":"2025-12-05T08:58:11","date_gmt":"2025-12-05T08:58:11","guid":{"rendered":"https:\/\/www.europesays.com\/lv\/66218\/"},"modified":"2025-12-05T08:58:11","modified_gmt":"2025-12-05T08:58:11","slug":"nedelas-pedeja-darba-diena-bus-apmakusies-un-decembrim-silta","status":"publish","type":"post","link":"https:\/\/www.europesays.com\/lv\/66218\/","title":{"rendered":"Ned\u0113\u013cas p\u0113d\u0113j\u0101 darba diena b\u016bs apm\u0101kusies un decembrim silta"},"content":{"rendered":"<p>Piektdien Latvij\u0101 debesis b\u016bs apm\u0101ku\u0161\u0101s, viet\u0101m nedaudz uzl\u012bs, bet b\u016bs decembrim sal\u012bdzino\u0161i silts, prognoz\u0113 Latvijas Vides, \u0123eolo\u0123ijas un meteorolo\u0123ijas centrs.<\/p>\n<p>Dien\u0101 m\u0101ko\u0146u sega joproj\u0101m b\u016bs aizkl\u0101jusi debesis, viet\u0101m nedaudz uzl\u012bs un smidzin\u0101s. P\u016bt\u012bs l\u0113ns l\u012bdz m\u0113rens dienvidaustrumu, austrumu v\u0113j\u0161, un atsevi\u0161\u0137os rajonos valsts austrumos ar\u012b dienas laik\u0101 saglab\u0101sies migla.<\/p>\n<p>Termometra stabi\u0146\u0161 pietur\u0113sies +3, +6 gr\u0101du robe\u017e\u0101s.<\/p>\n<p>Ar\u012b R\u012bg\u0101 saglab\u0101sies apm\u0101cies laiks un iev\u0113rojami nokri\u0161\u0146i nav gaid\u0101mi. P\u016bt\u012bs l\u0113ns dienvidaustrumu v\u0113j\u0161, un maksim\u0101l\u0101 gaisa temperat\u016bra b\u016bs +4, +6 gr\u0101di.<\/p>\n","protected":false},"excerpt":{"rendered":"Piektdien Latvij\u0101 debesis b\u016bs apm\u0101ku\u0161\u0101s, viet\u0101m nedaudz uzl\u012bs, bet b\u016bs decembrim sal\u012bdzino\u0161i silts, prognoz\u0113 Latvijas Vides, \u0123eolo\u0123ijas un&hellip;\n","protected":false},"author":2,"featured_media":66219,"comment_status":"","ping_status":"","sticky":false,"template":"","format":"standard","meta":{"footnotes":""},"categories":[5],"tags":[129,1395,23,28,29,32,33,22,30,31,35,39,38,36,37,34,40,20,26,27,1396,1397,24,25,21],"class_list":{"0":"post-66218","1":"post","2":"type-post","3":"status-publish","4":"format-standard","5":"has-post-thumbnail","7":"category-aktualitates","8":"tag-__typenameadvicekeyword","9":"tag-id408","10":"tag-aktualitates","11":"tag-breaking-news","12":"tag-breakingnews","13":"tag-featured-news","14":"tag-featurednews","15":"tag-headlines","16":"tag-latest-news","17":"tag-latestnews","18":"tag-latvia","19":"tag-latvian","20":"tag-latviesu","21":"tag-latviesu-valoda","22":"tag-latviesuvaloda","23":"tag-latvija","24":"tag-lv","25":"tag-news","26":"tag-popularakas-zinas","27":"tag-popularakaszinas","28":"tag-sluglaikapstakli","29":"tag-titlelaikapstakli","30":"tag-top-stories","31":"tag-topstories","32":"tag-zinas"},"share_on_mastodon":{"url":"https:\/\/pubeurope.com\/@lv\/115666138184940968","error":""},"_links":{"self":[{"href":"https:\/\/www.europesays.com\/lv\/wp-json\/wp\/v2\/posts\/66218","targetHints":{"allow":["GET"]}}],"collection":[{"href":"https:\/\/www.europesays.com\/lv\/wp-json\/wp\/v2\/posts"}],"about":[{"href":"https:\/\/www.europesays.com\/lv\/wp-json\/wp\/v2\/types\/post"}],"author":[{"embeddable":true,"href":"https:\/\/www.europesays.com\/lv\/wp-json\/wp\/v2\/users\/2"}],"replies":[{"embeddable":true,"href":"https:\/\/www.europesays.com\/lv\/wp-json\/wp\/v2\/comments?post=66218"}],"version-history":[{"count":0,"href":"https:\/\/www.europesays.com\/lv\/wp-json\/wp\/v2\/posts\/66218\/revisions"}],"wp:featuredmedia":[{"embeddable":true,"href":"https:\/\/www.europesays.com\/lv\/wp-json\/wp\/v2\/media\/66219"}],"wp:attachment":[{"href":"https:\/\/www.europesays.com\/lv\/wp-json\/wp\/v2\/media?parent=66218"}],"wp:term":[{"taxonomy":"category","embeddable":true,"href":"https:\/\/www.europesays.com\/lv\/wp-json\/wp\/v2\/categories?post=66218"},{"taxonomy":"post_tag","embeddable":true,"href":"https:\/\/www.europesays.com\/lv\/wp-json\/wp\/v2\/tags?post=66218"}],"curies":[{"name":"wp","href":"https:\/\/api.w.org\/{rel}","templated":true}]}}