{"id":6622,"date":"2025-09-27T23:26:08","date_gmt":"2025-09-27T23:26:08","guid":{"rendered":"https:\/\/www.europesays.com\/lv\/6622\/"},"modified":"2025-09-27T23:26:08","modified_gmt":"2025-09-27T23:26:08","slug":"draugi-nezinaja-ka-vina-draudzenei-ir-tikai-15-gadi-lente-lv-2","status":"publish","type":"post","link":"https:\/\/www.europesays.com\/lv\/6622\/","title":{"rendered":"draugi nezin\u0101ja, ka vi\u0146a draudzenei ir tikai 15 gadi\u00a0\u2014\u00a0Lente.lv"},"content":{"rendered":"<p>M\u016bzi\u0137a D4vd draugi nezin\u0101ja par vi\u0146a nepilngad\u012bg\u0101s draudzenes vecumu<\/p>\n<p>M\u016bzikas pasauli satricin\u0101jis skand\u0101ls, kas saist\u012bts ar dzied\u0101t\u0101ju un dziesmu autoru D4vd. Nesen Holivudas st\u0101vviet\u0101 vi\u0146a \u201cTesla\u201d automa\u0161\u012bn\u0101 tika atrastas 15 gadus vecas pusaudzes mirst\u012bg\u0101s atliekas, kas izrais\u012bjis pla\u0161u sabiedr\u012bbas uzman\u012bbu un izmekl\u0113\u0161anu. L\u012bdz \u0161im br\u012bdim nav arest\u0113ta neviena persona, un m\u016bzi\u0137is sadarbojas ar policiju, lai noskaidrotu visas notiku\u0161\u0101 apst\u0101k\u013cus.<\/p>\n<p>\u0160ok\u0113jo\u0161\u0101 atkl\u0101sme un draugu nezi\u0146a<\/p>\n<p>Upuris ir identific\u0113ta k\u0101 15 gadus vec\u0101 Selesta Rivas. Vi\u0146as tuvinieki un ar\u012b D4vd draugi pau\u017e \u0161oku par notiku\u0161o, atz\u012bstot, ka vi\u0146iem nebija nek\u0101das jausmas par meitenes patieso vecumu. Soci\u0101lajos t\u012bklos un m\u016bzikas aprind\u0101s Selesta bie\u017ei vien prezent\u0113jusi sevi k\u0101 pieaugu\u0161u personu, iesp\u0113jams, izmantojot viltotus dokumentus, lai apmekl\u0113tu vietas ar vecuma ierobe\u017eojumiem.<\/p>\n<p>Izmekl\u0113\u0161anas gaita un m\u0101kslinieka reakcija<\/p>\n<p>Lai gan s\u0101kotn\u0113ji tika zi\u0146ots par iesp\u0113jam\u0101m dzied\u0101t\u0101ja krimin\u0101laj\u0101m darb\u012bb\u0101m, izmekl\u0113t\u0101ji pagaid\u0101m nav atradu\u0161i pier\u0101d\u012bjumus, kas D4vd tie\u0161i saist\u012btu ar slepkav\u012bbu. Vi\u0146a advok\u0101ti uzsver, ka vi\u0146a m\u0101ksla ir at\u0161\u0137irama no re\u0101l\u0101s dz\u012bves un ka vi\u0146u nevar ties\u0101t par rado\u0161o izpausmi. Tom\u0113r policija turpina izmekl\u0113\u0161anu, analiz\u0113jot sav\u0101ktos pier\u0101d\u012bjumus un mekl\u0113jot atbildes uz jaut\u0101jumiem par Selestas n\u0101ves c\u0113loni un vi\u0146as saist\u012bbu ar dzied\u0101t\u0101ju. D4vd ir atc\u0113lis savus pl\u0101notos koncertus un sadarbojas ar varasiest\u0101d\u0113m.<\/p>\n<p>Spekul\u0101cijas un sabiedr\u012bbas reakcija<\/p>\n<p>\u0160\u012b tra\u0123isk\u0101 lieta ir izrais\u012bjusi pla\u0161as diskusijas internet\u0101, kur cilv\u0113ki cen\u0161as izprast notiku\u0161\u0101 deta\u013cas un spekul\u0113 par iesp\u0113jamajiem notikumu att\u012bst\u012bbas scen\u0101rijiem. Da\u017ei dainu v\u0101rdi un D4vd iepriek\u0161\u0113j\u0101 m\u0101ksliniecisk\u0101 darb\u012bba tiek interpret\u0113ti k\u0101 iesp\u0113jamas nor\u0101des uz notiku\u0161o, ta\u010du ofici\u0101lu apstiprin\u0101jumu \u0161\u012bm teorij\u0101m nav. Sabiedr\u012bba pau\u017e l\u012bdzj\u016bt\u012bbu Selestas \u0123imenei un cer uz taisn\u012bgu izmekl\u0113\u0161anas rezult\u0101tu.<\/p>\n","protected":false},"excerpt":{"rendered":"M\u016bzi\u0137a D4vd draugi nezin\u0101ja par vi\u0146a nepilngad\u012bg\u0101s draudzenes vecumu M\u016bzikas pasauli satricin\u0101jis skand\u0101ls, kas saist\u012bts ar dzied\u0101t\u0101ju un&hellip;\n","protected":false},"author":2,"featured_media":6623,"comment_status":"","ping_status":"","sticky":false,"template":"","format":"standard","meta":{"footnotes":""},"categories":[19],"tags":[2868,89,90,35,39,38,36,37,34,40,2871,2870,2869,264],"class_list":{"0":"post-6622","1":"post","2":"type-post","3":"status-publish","4":"format-standard","5":"has-post-thumbnail","7":"category-izklaide","8":"tag-d4vd","9":"tag-entertainment","10":"tag-izklaide","11":"tag-latvia","12":"tag-latvian","13":"tag-latviesu","14":"tag-latviesu-valoda","15":"tag-latviesuvaloda","16":"tag-latvija","17":"tag-lv","18":"tag-muzikas-pasaule","19":"tag-nepilngadiga","20":"tag-selesta-rivas","21":"tag-skandals"},"share_on_mastodon":{"url":"","error":""},"_links":{"self":[{"href":"https:\/\/www.europesays.com\/lv\/wp-json\/wp\/v2\/posts\/6622","targetHints":{"allow":["GET"]}}],"collection":[{"href":"https:\/\/www.europesays.com\/lv\/wp-json\/wp\/v2\/posts"}],"about":[{"href":"https:\/\/www.europesays.com\/lv\/wp-json\/wp\/v2\/types\/post"}],"author":[{"embeddable":true,"href":"https:\/\/www.europesays.com\/lv\/wp-json\/wp\/v2\/users\/2"}],"replies":[{"embeddable":true,"href":"https:\/\/www.europesays.com\/lv\/wp-json\/wp\/v2\/comments?post=6622"}],"version-history":[{"count":0,"href":"https:\/\/www.europesays.com\/lv\/wp-json\/wp\/v2\/posts\/6622\/revisions"}],"wp:featuredmedia":[{"embeddable":true,"href":"https:\/\/www.europesays.com\/lv\/wp-json\/wp\/v2\/media\/6623"}],"wp:attachment":[{"href":"https:\/\/www.europesays.com\/lv\/wp-json\/wp\/v2\/media?parent=6622"}],"wp:term":[{"taxonomy":"category","embeddable":true,"href":"https:\/\/www.europesays.com\/lv\/wp-json\/wp\/v2\/categories?post=6622"},{"taxonomy":"post_tag","embeddable":true,"href":"https:\/\/www.europesays.com\/lv\/wp-json\/wp\/v2\/tags?post=6622"}],"curies":[{"name":"wp","href":"https:\/\/api.w.org\/{rel}","templated":true}]}}