{"id":66222,"date":"2025-12-05T09:04:12","date_gmt":"2025-12-05T09:04:12","guid":{"rendered":"https:\/\/www.europesays.com\/lv\/66222\/"},"modified":"2025-12-05T09:04:12","modified_gmt":"2025-12-05T09:04:12","slug":"somija-aizturetas-tris-personas-aizdomas-par-brunotu-laupisanu-pulkstenu-veikala-vecriga","status":"publish","type":"post","link":"https:\/\/www.europesays.com\/lv\/66222\/","title":{"rendered":"Somij\u0101 aiztur\u0113tas tr\u012bs personas aizdom\u0101s par bru\u0146otu laup\u012b\u0161anu pulkste\u0146u veikal\u0101 Vecr\u012bg\u0101"},"content":{"rendered":"<p>\u0160\u012b gada 29. apr\u012bl\u012b gai\u0161\u0101 dienas laik\u0101 organiz\u0113ta personu grupa Vecr\u012bgas veikal\u0101 veica sevi\u0161\u0137i smagu noziegumu. Piedraudot ar \u0161aujamieroci, k\u0101 ar\u012b lietojot fizisku sp\u0113ku un piparu g\u0101zi pret veikala darbiniekiem un apmekl\u0113t\u0101ju, vi\u0146i da\u017eu min\u016b\u0161u laik\u0101 nolaup\u012bja ap 80 ekskluz\u012bvu rokas pulkste\u0146u, p\u0113c k\u0101 steig\u0161us pameta notikuma vietu ar transportl\u012bdzekli, kuram bija pieliktas nozagtas numurz\u012bmes.<\/p>\n<p>Sa\u0146\u0113musi inform\u0101ciju par noziedz\u012bgo nodar\u012bjumu, Valsts policija nekav\u0113joties s\u0101ka personu mekl\u0113\u0161anu, tostarp da\u013c\u0101 Latvijas izsludinot pl\u0101nu \u201cSlazdi\u201d, tom\u0113r tie nevainagoj\u0101s ar t\u016bl\u012bt\u0113jiem pan\u0101kumiem un laup\u012bt\u0101jiem izdev\u0101s aizmukt, kopum\u0101 veikalam nodarot zaud\u0113jumus ap 690 000 eiro apm\u0113r\u0101.<\/p>\n<p>Par noziedz\u012bgo nodar\u012bjumu Valsts policijas R\u012bgas re\u0123iona p\u0101rvaldes Krimin\u0101lpolicijas p\u0101rvalde s\u0101ka krimin\u0101lprocesu atbilsto\u0161i Krimin\u0101llikuma 176. panta ceturtajai da\u013cai par laup\u012b\u0161anu, ja t\u0101 izdar\u012bta, lietojot \u0161aujamiero\u010dus, ja t\u0101 izrais\u012bjusi citas smagas sekas, un p\u0113c Krimin\u0101llikuma 185. panta pirm\u0101s da\u013cas par sve\u0161as mantas t\u012b\u0161u izn\u012bcin\u0101\u0161anu vai boj\u0101\u0161anu. Un jau s\u0101kotn\u0113j\u0101 g\u016bt\u0101 inform\u0101cija rad\u012bja aizdomas, ka noziedznieki var\u0113tu b\u016bt \u0101rvalstu pilso\u0146i, kas Latvij\u0101 ieradu\u0161ies ar m\u0113r\u0137i veikt noziedz\u012bgo nodar\u012bjumu, l\u012bdz ar to Valsts policija \u012bstenoja operat\u012bv\u0101s darb\u012bbas gan nacion\u0101l\u0101, gan starptautisk\u0101 l\u012bmen\u012b.<\/p>\n","protected":false},"excerpt":{"rendered":"\u0160\u012b gada 29. apr\u012bl\u012b gai\u0161\u0101 dienas laik\u0101 organiz\u0113ta personu grupa Vecr\u012bgas veikal\u0101 veica sevi\u0161\u0137i smagu noziegumu. Piedraudot ar&hellip;\n","protected":false},"author":2,"featured_media":66223,"comment_status":"","ping_status":"","sticky":false,"template":"","format":"standard","meta":{"footnotes":""},"categories":[5],"tags":[23,28,29,32,33,22,30,31,35,39,38,36,37,34,40,20,26,27,17110,490,24,25,581,21],"class_list":{"0":"post-66222","1":"post","2":"type-post","3":"status-publish","4":"format-standard","5":"has-post-thumbnail","7":"category-aktualitates","8":"tag-aktualitates","9":"tag-breaking-news","10":"tag-breakingnews","11":"tag-featured-news","12":"tag-featurednews","13":"tag-headlines","14":"tag-latest-news","15":"tag-latestnews","16":"tag-latvia","17":"tag-latvian","18":"tag-latviesu","19":"tag-latviesu-valoda","20":"tag-latviesuvaloda","21":"tag-latvija","22":"tag-lv","23":"tag-news","24":"tag-popularakas-zinas","25":"tag-popularakaszinas","26":"tag-pulkstenis","27":"tag-somija","28":"tag-top-stories","29":"tag-topstories","30":"tag-vecriga","31":"tag-zinas"},"share_on_mastodon":{"url":"https:\/\/pubeurope.com\/@lv\/115666161829790970","error":""},"_links":{"self":[{"href":"https:\/\/www.europesays.com\/lv\/wp-json\/wp\/v2\/posts\/66222","targetHints":{"allow":["GET"]}}],"collection":[{"href":"https:\/\/www.europesays.com\/lv\/wp-json\/wp\/v2\/posts"}],"about":[{"href":"https:\/\/www.europesays.com\/lv\/wp-json\/wp\/v2\/types\/post"}],"author":[{"embeddable":true,"href":"https:\/\/www.europesays.com\/lv\/wp-json\/wp\/v2\/users\/2"}],"replies":[{"embeddable":true,"href":"https:\/\/www.europesays.com\/lv\/wp-json\/wp\/v2\/comments?post=66222"}],"version-history":[{"count":0,"href":"https:\/\/www.europesays.com\/lv\/wp-json\/wp\/v2\/posts\/66222\/revisions"}],"wp:featuredmedia":[{"embeddable":true,"href":"https:\/\/www.europesays.com\/lv\/wp-json\/wp\/v2\/media\/66223"}],"wp:attachment":[{"href":"https:\/\/www.europesays.com\/lv\/wp-json\/wp\/v2\/media?parent=66222"}],"wp:term":[{"taxonomy":"category","embeddable":true,"href":"https:\/\/www.europesays.com\/lv\/wp-json\/wp\/v2\/categories?post=66222"},{"taxonomy":"post_tag","embeddable":true,"href":"https:\/\/www.europesays.com\/lv\/wp-json\/wp\/v2\/tags?post=66222"}],"curies":[{"name":"wp","href":"https:\/\/api.w.org\/{rel}","templated":true}]}}