{"id":66237,"date":"2025-12-05T09:22:10","date_gmt":"2025-12-05T09:22:10","guid":{"rendered":"https:\/\/www.europesays.com\/lv\/66237\/"},"modified":"2025-12-05T09:22:10","modified_gmt":"2025-12-05T09:22:10","slug":"armijas-kaujas-speju-tiesa-attistiba-ieguldis-miljardu-eiro","status":"publish","type":"post","link":"https:\/\/www.europesays.com\/lv\/66237\/","title":{"rendered":"Armijas kaujas sp\u0113ju tie\u0161\u0101 att\u012bst\u012bb\u0101 ieguld\u012bs miljardu eiro"},"content":{"rendered":"<p><a href=\"https:\/\/www.tvnet.lv\/term\/567415\/budzets\" class=\"topicLink\" target=\"_blank\" rel=\"nofollow noopener\">Bud\u017eets<\/a> paredz, ka Latvija turpin\u0101s sniegt atbalstu Ukrainai &#8211; tam paredz\u0113ti 0,25% no IKP jeb 110 miljoni eiro.<\/p>\n<p>Aizsardz\u012bbas ministrija sola, ka 2026. gad\u0101 \u012bpa\u0161a uzman\u012bba tiks piev\u0113rsta sadarb\u012bbai ar viet\u0113jiem uz\u0146\u0113mumiem, nodro\u0161inot, ka l\u012bdz 30% no lielajiem iepirkumiem paliek Latvijas ekonomik\u0101. Aizsardz\u012bbas industrijas un inov\u0101ciju att\u012bst\u012bbai atv\u0113l\u0113ti 25,9 miljoni eiro, un finans\u0113jums tiks novirz\u012bts grantu programmai uz\u0146\u0113mumiem milit\u0101ro un div\u0113j\u0101da lietojuma tehnolo\u0123iju izstr\u0101dei, atbalstam jaunuz\u0146\u0113mumiem, &#8220;za\u013c\u0101 koridora&#8221; ievie\u0161anai milit\u0101rajai ra\u017eo\u0161anai, k\u0101 ar\u012b NATO akceleratora centra &#8220;Unilab Defence&#8221; darb\u012bbai.<\/p>\n<p>N\u0101kamgad tik\u0161ot turpin\u0101ti &#8220;Valsts aizsardz\u012bbas korpor\u0101cijas&#8221; projekti, tostarp 155 mm artil\u0113rijas mun\u012bcijas ra\u017eotnes izveide Iecav\u0101, kurai atv\u0113l\u0113ti 13 miljoni eiro, bet dronu koal\u012bcijas un bezpilota sist\u0113mu att\u012bst\u012bbai pl\u0101nots atv\u0113l\u0113t vismaz 100 miljonus eiro.<\/p>\n<p>28 miljoni eiro paredz\u0113ti kiberdro\u0161\u012bbas sp\u0113ju stiprin\u0101\u0161anai, jaunu sist\u0113mu ievie\u0161anai un regul\u0101rai kiberkr\u012b\u017eu test\u0113\u0161anai.<\/p>\n<p>Aizsardz\u012bbas bud\u017eet\u0101 paredz\u0113ta ar\u012b nauda patriotisk\u0101s audzin\u0101\u0161anas programm\u0101m &#8211; 22,39 miljoni eiro paredz\u0113ti Valsts aizsardz\u012bbas m\u0101c\u012bbas \u012bsteno\u0161anai, kuru 2025.\/2026. m\u0101c\u012bbu gad\u0101 apg\u016bst 42 000 skol\u0113nu, un Jaunsardzes kust\u012bbas att\u012bst\u012bbai, kur\u0101 iesaist\u012bti 8000 jaunie\u0161u. 2026.\/2027. m\u0101c\u012bbu gad\u0101 Latgal\u0113, Malt\u0101, darbu s\u0101ks \u0123ener\u0101\u013ca P\u0113tera Radzi\u0146a milit\u0101r\u0101 vidusskola.<\/p>\n","protected":false},"excerpt":{"rendered":"Bud\u017eets paredz, ka Latvija turpin\u0101s sniegt atbalstu Ukrainai &#8211; tam paredz\u0113ti 0,25% no IKP jeb 110 miljoni eiro.&hellip;\n","protected":false},"author":2,"featured_media":66238,"comment_status":"","ping_status":"","sticky":false,"template":"","format":"standard","meta":{"footnotes":""},"categories":[5],"tags":[23,28,29,259,32,33,22,30,31,35,39,38,36,37,34,40,20,26,27,24,25,21],"class_list":{"0":"post-66237","1":"post","2":"type-post","3":"status-publish","4":"format-standard","5":"has-post-thumbnail","7":"category-aktualitates","8":"tag-aktualitates","9":"tag-breaking-news","10":"tag-breakingnews","11":"tag-budzets","12":"tag-featured-news","13":"tag-featurednews","14":"tag-headlines","15":"tag-latest-news","16":"tag-latestnews","17":"tag-latvia","18":"tag-latvian","19":"tag-latviesu","20":"tag-latviesu-valoda","21":"tag-latviesuvaloda","22":"tag-latvija","23":"tag-lv","24":"tag-news","25":"tag-popularakas-zinas","26":"tag-popularakaszinas","27":"tag-top-stories","28":"tag-topstories","29":"tag-zinas"},"share_on_mastodon":{"url":"https:\/\/pubeurope.com\/@lv\/115666232456307207","error":""},"_links":{"self":[{"href":"https:\/\/www.europesays.com\/lv\/wp-json\/wp\/v2\/posts\/66237","targetHints":{"allow":["GET"]}}],"collection":[{"href":"https:\/\/www.europesays.com\/lv\/wp-json\/wp\/v2\/posts"}],"about":[{"href":"https:\/\/www.europesays.com\/lv\/wp-json\/wp\/v2\/types\/post"}],"author":[{"embeddable":true,"href":"https:\/\/www.europesays.com\/lv\/wp-json\/wp\/v2\/users\/2"}],"replies":[{"embeddable":true,"href":"https:\/\/www.europesays.com\/lv\/wp-json\/wp\/v2\/comments?post=66237"}],"version-history":[{"count":0,"href":"https:\/\/www.europesays.com\/lv\/wp-json\/wp\/v2\/posts\/66237\/revisions"}],"wp:featuredmedia":[{"embeddable":true,"href":"https:\/\/www.europesays.com\/lv\/wp-json\/wp\/v2\/media\/66238"}],"wp:attachment":[{"href":"https:\/\/www.europesays.com\/lv\/wp-json\/wp\/v2\/media?parent=66237"}],"wp:term":[{"taxonomy":"category","embeddable":true,"href":"https:\/\/www.europesays.com\/lv\/wp-json\/wp\/v2\/categories?post=66237"},{"taxonomy":"post_tag","embeddable":true,"href":"https:\/\/www.europesays.com\/lv\/wp-json\/wp\/v2\/tags?post=66237"}],"curies":[{"name":"wp","href":"https:\/\/api.w.org\/{rel}","templated":true}]}}