{"id":66241,"date":"2025-12-05T09:25:10","date_gmt":"2025-12-05T09:25:10","guid":{"rendered":"https:\/\/www.europesays.com\/lv\/66241\/"},"modified":"2025-12-05T09:25:10","modified_gmt":"2025-12-05T09:25:10","slug":"intel-arc-sasniedz-1-no-kopeja-videokarsu-tirgus","status":"publish","type":"post","link":"https:\/\/www.europesays.com\/lv\/66241\/","title":{"rendered":"\u201cIntel Arc\u201d sasniedz 1% no kop\u0113j\u0101 videokar\u0161u tirgus"},"content":{"rendered":"<p>Jon Peddie Research ir public\u0113ju\u0161i jaunu p\u0113t\u012bjumu par galddatoru vidoekar\u0161u tirgu, nor\u0101dot, ka Intel ir sasniedzis savu pirmo viencipara procentu izr\u0101vienu kop\u0161 Arc Alchemist videokar\u0161u izn\u0101k\u0161anas. Tiek uzsv\u0113rts, ka \u0161is nav mazs pan\u0101kums, jo v\u0113sturiski Intel videokar\u0161u tirg\u016b bija aptuveni pusprocenta da\u013ca.\n<\/p>\n<p>Protams, Intel v\u0113l\u0101 ien\u0101k\u0161ana kop\u0113j\u0101 videokar\u0161u tirg\u016b ir rad\u012bjusi \u013coti l\u0113nu tirgus da\u013cas pieaugumu. Intel ar\u012b nek\u0101di nav izdevies izjaukt l\u012bderu grupu, kur\u0101 ir AMD un Nvidia. Izskan cer\u012bbas, ka Intel turpin\u0101s invest\u0113t videokar\u0161u izveid\u0113, bet p\u0101rliec\u012bbas par to \u012bsti nav, jo p\u0113c pag\u0101ju\u0161\u0101 gada nogales Battlemage B570 un B580 mode\u013ciem nekas jauns sp\u0113\u013cu tirg\u016b galddatoriem no Intel nav izn\u0101cis.\n<\/p>\n<p>Atliku\u0161os 99% AMD un Nvidia ar\u012b dala \u013coti nesam\u0113r\u012bgi. AMD tirgus da\u013ca pieauga par 0.8% sal\u012bdzin\u0101jum\u0101 ar iepriek\u0161\u0113jo ceturksni, sasniedzot 7% 2025. gada tre\u0161aj\u0101 ceturksn\u012b, kam\u0113r Nvidia saglab\u0101ja sp\u0113c\u012bgu l\u012bderpoz\u012bciju, samazinoties par 1.2% un nosl\u012bdot l\u012bdz v\u0113l arvien grandioziem 92% no kop\u0113j\u0101s tirgus da\u013cas.\n<\/p>\n<p><img fetchpriority=\"high\" decoding=\"async\" class=\"alignnone size-large\" src=\"https:\/\/www.europesays.com\/lv\/wp-content\/uploads\/2025\/12\/images_intelarcb-01.jpg\" width=\"1280\" height=\"720\"\/>\n<\/p>\n<p>Gr\u016bti spriest par to, kas b\u016bs t\u0101l\u0101k, ko <a href=\"https:\/\/kursors.lv\/2025\/11\/23\/dram-atminas-cenu-leciens-sadardzinas-viedtalrunus-un-videokartes\/\" target=\"_blank\" rel=\"noopener nofollow\">DRAM cenu l\u0113ciens<\/a> jau ir iesp\u0113ris pa datoru tirgu. Iepriek\u0161 tika l\u0113sts, ka galddatoru videokar\u0161u tirgus divus gadus b\u016bs stabils un tikai 2029. gad\u0101 tas var\u0113tu nedaudz samazin\u0101ties, bet jaun\u0101s DRAM cenas var \u0161o prognozi nejauki kori\u0123\u0113t.\n<\/p>\n<p><img loading=\"lazy\" decoding=\"async\" class=\"size-large aligncenter\" src=\"https:\/\/www.europesays.com\/lv\/wp-content\/uploads\/2025\/12\/gBaNwerAmQaNX0A6.jpg\" width=\"454\" height=\"404\"\/><\/p>\n","protected":false},"excerpt":{"rendered":"Jon Peddie Research ir public\u0113ju\u0161i jaunu p\u0113t\u012bjumu par galddatoru vidoekar\u0161u tirgu, nor\u0101dot, ka Intel ir sasniedzis savu pirmo&hellip;\n","protected":false},"author":2,"featured_media":66242,"comment_status":"","ping_status":"","sticky":false,"template":"","format":"standard","meta":{"footnotes":""},"categories":[16],"tags":[77,76,35,39,38,36,37,34,40],"class_list":{"0":"post-66241","1":"post","2":"type-post","3":"status-publish","4":"format-standard","5":"has-post-thumbnail","7":"category-bizness","8":"tag-bizness","9":"tag-business","10":"tag-latvia","11":"tag-latvian","12":"tag-latviesu","13":"tag-latviesu-valoda","14":"tag-latviesuvaloda","15":"tag-latvija","16":"tag-lv"},"share_on_mastodon":{"url":"https:\/\/pubeurope.com\/@lv\/115666244505118276","error":""},"_links":{"self":[{"href":"https:\/\/www.europesays.com\/lv\/wp-json\/wp\/v2\/posts\/66241","targetHints":{"allow":["GET"]}}],"collection":[{"href":"https:\/\/www.europesays.com\/lv\/wp-json\/wp\/v2\/posts"}],"about":[{"href":"https:\/\/www.europesays.com\/lv\/wp-json\/wp\/v2\/types\/post"}],"author":[{"embeddable":true,"href":"https:\/\/www.europesays.com\/lv\/wp-json\/wp\/v2\/users\/2"}],"replies":[{"embeddable":true,"href":"https:\/\/www.europesays.com\/lv\/wp-json\/wp\/v2\/comments?post=66241"}],"version-history":[{"count":0,"href":"https:\/\/www.europesays.com\/lv\/wp-json\/wp\/v2\/posts\/66241\/revisions"}],"wp:featuredmedia":[{"embeddable":true,"href":"https:\/\/www.europesays.com\/lv\/wp-json\/wp\/v2\/media\/66242"}],"wp:attachment":[{"href":"https:\/\/www.europesays.com\/lv\/wp-json\/wp\/v2\/media?parent=66241"}],"wp:term":[{"taxonomy":"category","embeddable":true,"href":"https:\/\/www.europesays.com\/lv\/wp-json\/wp\/v2\/categories?post=66241"},{"taxonomy":"post_tag","embeddable":true,"href":"https:\/\/www.europesays.com\/lv\/wp-json\/wp\/v2\/tags?post=66241"}],"curies":[{"name":"wp","href":"https:\/\/api.w.org\/{rel}","templated":true}]}}