{"id":66258,"date":"2025-12-05T09:41:06","date_gmt":"2025-12-05T09:41:06","guid":{"rendered":"https:\/\/www.europesays.com\/lv\/66258\/"},"modified":"2025-12-05T09:41:06","modified_gmt":"2025-12-05T09:41:06","slug":"noklausies-zane-dombrovska-un-marcis-manjakovs-ieterpj-ziemelblazmas-romanci-jauna-ziemiga-skanejuma-lente-lv","status":"publish","type":"post","link":"https:\/\/www.europesays.com\/lv\/66258\/","title":{"rendered":"Noklausies! Zane Dombrovska un M\u0101rcis Ma\u0146jakovs iet\u0113rpj \u201cZieme\u013cbl\u0101zmas romanci\u201d jaun\u0101, ziem\u012bg\u0101 skan\u0113jum\u0101\u00a0\u2014\u00a0Lente.lv"},"content":{"rendered":"<p>Jauna interpret\u0101cija le\u0123end\u0101rajai dziesmai<\/p>\n<p>Gatavojoties sv\u0113tkiem un Adventes laik\u0101, dzied\u0101t\u0101ja un komponiste Zane Dombrovska kop\u0101 ar Latvijas Nacion\u0101l\u0101 te\u0101tra aktieri M\u0101rcu Ma\u0146jakovu klaus\u012bt\u0101jiem sar\u016bp\u0113ju\u0161i pat\u012bkamu muzik\u0101lu d\u0101vanu. Vi\u0146i rad\u012bju\u0161i jaunu, svaigu skan\u0113jumu le\u0123end\u0101rajai dziesmai \u201cZieme\u013cbl\u0101zmas romance\u201d, kuras ori\u0123in\u0101lversijas autori ir izcilie Raimonds Pauls un J\u0101nis Peters.<\/p>\n<p>M\u0101kslinieku rado\u0161\u0101 sadarb\u012bba<\/p>\n<p>\u0160\u012b ir jau otr\u0101 reize, kad Zane Dombrovska un M\u0101rcis Ma\u0146jakovs sadarbojas ierakstot dziesmu. Vi\u0146u muzik\u0101l\u0101 sadarb\u012bba aizs\u0101k\u0101s 2020. gad\u0101 ar dziesmu \u201cEs m\u012blu Latviju\u201d. Jaunaj\u0101 dziesmas \u201cZieme\u013cbl\u0101zmas romance\u201d versij\u0101 m\u0101kslinieki pied\u0101v\u0101 savu skat\u012bjumu uz ori\u0123in\u0101lo ska\u0146darbu, ko savulaik izpild\u012bjis tenors J\u0101nis Spro\u0123is. Vi\u0146u m\u0113r\u0137is bija saglab\u0101t dziesmas romantisko b\u016bt\u012bbu, vienlaikus pie\u0161\u0137irot tai personisku, ziem\u012bgu noska\u0146u un siltumu, lai t\u0101 skan\u0113tu m\u016bsdien\u012bgi.<\/p>\n<p>Ziemas ma\u0123ija un cer\u012bbu v\u0113st\u012bjums<\/p>\n<p>Str\u0101d\u0101jot pie dziesmas, \u012bpa\u0161a uzman\u012bba tika piev\u0113rsta klavieru augsto no\u0161u atspogu\u013cojumam, radot iespaidu par \u201cklauv\u0113\u0161anu sasalu\u0161ajai ziemai\u201d, lai pan\u0101ktu \u201cledus dzidrum\u0101\u201d skan\u0113jumu, kas atbilstu klusiem Adventes vakariem. Dombrovska un Ma\u0146jakovs v\u0113l\u0113j\u0101s rad\u012bt st\u0101stu par ziemas mieru, gaismu un gai\u0161\u0101m cer\u012bb\u0101m gada nogales sv\u0113tkos, iedz\u012bvinot ziemas ma\u0123iju, ko ikviens var sajust klusos vakaros. Savu darbu m\u0101kslinieki prezent\u0113ju\u0161i ar\u012b Raimondam Paulam, kur\u0161 deva savu sv\u0113t\u012bbu jaunajai versijai.<\/p>\n","protected":false},"excerpt":{"rendered":"Jauna interpret\u0101cija le\u0123end\u0101rajai dziesmai Gatavojoties sv\u0113tkiem un Adventes laik\u0101, dzied\u0101t\u0101ja un komponiste Zane Dombrovska kop\u0101 ar Latvijas Nacion\u0101l\u0101&hellip;\n","protected":false},"author":2,"featured_media":66259,"comment_status":"","ping_status":"","sticky":false,"template":"","format":"standard","meta":{"footnotes":""},"categories":[19],"tags":[89,90,1970,35,39,38,36,37,34,40,6570,2672,6565,17115],"class_list":{"0":"post-66258","1":"post","2":"type-post","3":"status-publish","4":"format-standard","5":"has-post-thumbnail","7":"category-izklaide","8":"tag-entertainment","9":"tag-izklaide","10":"tag-janis-peters","11":"tag-latvia","12":"tag-latvian","13":"tag-latviesu","14":"tag-latviesu-valoda","15":"tag-latviesuvaloda","16":"tag-latvija","17":"tag-lv","18":"tag-marcis-manjakovs","19":"tag-raimonds-pauls","20":"tag-zane-dombrovska","21":"tag-ziemelblazmas-romance"},"share_on_mastodon":{"url":"https:\/\/pubeurope.com\/@lv\/115666307177148685","error":""},"_links":{"self":[{"href":"https:\/\/www.europesays.com\/lv\/wp-json\/wp\/v2\/posts\/66258","targetHints":{"allow":["GET"]}}],"collection":[{"href":"https:\/\/www.europesays.com\/lv\/wp-json\/wp\/v2\/posts"}],"about":[{"href":"https:\/\/www.europesays.com\/lv\/wp-json\/wp\/v2\/types\/post"}],"author":[{"embeddable":true,"href":"https:\/\/www.europesays.com\/lv\/wp-json\/wp\/v2\/users\/2"}],"replies":[{"embeddable":true,"href":"https:\/\/www.europesays.com\/lv\/wp-json\/wp\/v2\/comments?post=66258"}],"version-history":[{"count":0,"href":"https:\/\/www.europesays.com\/lv\/wp-json\/wp\/v2\/posts\/66258\/revisions"}],"wp:featuredmedia":[{"embeddable":true,"href":"https:\/\/www.europesays.com\/lv\/wp-json\/wp\/v2\/media\/66259"}],"wp:attachment":[{"href":"https:\/\/www.europesays.com\/lv\/wp-json\/wp\/v2\/media?parent=66258"}],"wp:term":[{"taxonomy":"category","embeddable":true,"href":"https:\/\/www.europesays.com\/lv\/wp-json\/wp\/v2\/categories?post=66258"},{"taxonomy":"post_tag","embeddable":true,"href":"https:\/\/www.europesays.com\/lv\/wp-json\/wp\/v2\/tags?post=66258"}],"curies":[{"name":"wp","href":"https:\/\/api.w.org\/{rel}","templated":true}]}}