{"id":66272,"date":"2025-12-05T10:11:16","date_gmt":"2025-12-05T10:11:16","guid":{"rendered":"https:\/\/www.europesays.com\/lv\/66272\/"},"modified":"2025-12-05T10:11:16","modified_gmt":"2025-12-05T10:11:16","slug":"seksa-un-lielpilsetas-aktrise-kima-ketrela-ir-apprecejusies","status":"publish","type":"post","link":"https:\/\/www.europesays.com\/lv\/66272\/","title":{"rendered":"&#8220;Seksa un lielpils\u0113tas&#8221; aktrise Kima Ketrela ir apprec\u0113jusies"},"content":{"rendered":"<p>Rasels Tomass ir audio in\u017eenieris. Abi iepazin\u0101s un s\u0101ka satikies 2016. gad\u0101. &#8220;S\u0101kotn\u0113ji vi\u0146\u0161 bija aktieris,&#8221; Kima st\u0101st\u012bja intervij\u0101 laikrakstam &#8221;The Times&#8221;.<\/p>\n<blockquote class=\"quote ck-widget\" contenteditable=\"false\">\n<p>&#8220;Vi\u0146am ir bijusi neticami interesanta dz\u012bve, un vi\u0146\u0161 to ir dz\u012bvojis tie\u0161i t\u0101, k\u0101 pats grib\u0113jis.&#8221;<\/p>\n<\/blockquote>\n<p><img decoding=\"async\" class=\"figure__image\" onclick=\"triggerEvent('articleImageClick', { id: 17319950, focus: 'single-image', focusIndex: '17319950' })\" onkeydown=\"if (event.key === 'Enter') {&#10;        triggerEvent('articleImageClick', { id: 17319950, focus: 'single-image', focusIndex: '17319950' })&#10;        }\" role=\"button\" tabindex=\"0\" data-focus-from=\"single-image\" data-focus-index=\"17319950\" src=\"https:\/\/www.europesays.com\/lv\/wp-content\/uploads\/2025\/12\/17319950t1h6536.jpg\"  onload=\"this.parentElement.classList.remove('figure__image-loading')\" alt=\"Kima Ketrela ar v\u012bru Raselu Tomasu.\"\/>Kima Ketrela ar v\u012bru Raselu Tomasu. Foto: Reuters\/ScanPix<\/p>\n<p>&#8220;Rasels ir mazliet dumpinieks, kas man \u013coti pat\u012bk,&#8221; Ketrela piebilda. Vi\u0146a teica, ka p\u0113c desmit kop\u0101 pavad\u012btiem gadiem vi\u0146u attiec\u012bbas joproj\u0101m ir stabilas.<\/p>\n<p>\u0160\u012b ir Ketrelas ceturt\u0101 laul\u012bba. Vi\u0146as pirmais v\u012brs bija Lerijs Deiviss (Larry Davis), ar kuru bija laul\u012bb\u0101 no 1977. l\u012bdz 1979. gadam. Otrais v\u012brs bija Andr\u0113 Laions (Andre J. Lyon) ar kuru apprec\u0113j\u0101s 1982. gad\u0101 un iz\u0161\u0137\u012br\u0101s 1089. Bet tre\u0161ais bija Marks Levinsons, ar kuru laul\u012bba ilga no 1998. l\u012bdz 2004. gadam.<\/p>\n","protected":false},"excerpt":{"rendered":"Rasels Tomass ir audio in\u017eenieris. Abi iepazin\u0101s un s\u0101ka satikies 2016. gad\u0101. &#8220;S\u0101kotn\u0113ji vi\u0146\u0161 bija aktieris,&#8221; Kima st\u0101st\u012bja&hellip;\n","protected":false},"author":2,"featured_media":66273,"comment_status":"","ping_status":"","sticky":false,"template":"","format":"standard","meta":{"footnotes":""},"categories":[19],"tags":[89,90,17119,35,39,38,36,37,34,40],"class_list":{"0":"post-66272","1":"post","2":"type-post","3":"status-publish","4":"format-standard","5":"has-post-thumbnail","7":"category-izklaide","8":"tag-entertainment","9":"tag-izklaide","10":"tag-kima-ketrela","11":"tag-latvia","12":"tag-latvian","13":"tag-latviesu","14":"tag-latviesu-valoda","15":"tag-latviesuvaloda","16":"tag-latvija","17":"tag-lv"},"share_on_mastodon":{"url":"https:\/\/pubeurope.com\/@lv\/115666425261652908","error":""},"_links":{"self":[{"href":"https:\/\/www.europesays.com\/lv\/wp-json\/wp\/v2\/posts\/66272","targetHints":{"allow":["GET"]}}],"collection":[{"href":"https:\/\/www.europesays.com\/lv\/wp-json\/wp\/v2\/posts"}],"about":[{"href":"https:\/\/www.europesays.com\/lv\/wp-json\/wp\/v2\/types\/post"}],"author":[{"embeddable":true,"href":"https:\/\/www.europesays.com\/lv\/wp-json\/wp\/v2\/users\/2"}],"replies":[{"embeddable":true,"href":"https:\/\/www.europesays.com\/lv\/wp-json\/wp\/v2\/comments?post=66272"}],"version-history":[{"count":0,"href":"https:\/\/www.europesays.com\/lv\/wp-json\/wp\/v2\/posts\/66272\/revisions"}],"wp:featuredmedia":[{"embeddable":true,"href":"https:\/\/www.europesays.com\/lv\/wp-json\/wp\/v2\/media\/66273"}],"wp:attachment":[{"href":"https:\/\/www.europesays.com\/lv\/wp-json\/wp\/v2\/media?parent=66272"}],"wp:term":[{"taxonomy":"category","embeddable":true,"href":"https:\/\/www.europesays.com\/lv\/wp-json\/wp\/v2\/categories?post=66272"},{"taxonomy":"post_tag","embeddable":true,"href":"https:\/\/www.europesays.com\/lv\/wp-json\/wp\/v2\/tags?post=66272"}],"curies":[{"name":"wp","href":"https:\/\/api.w.org\/{rel}","templated":true}]}}