{"id":66280,"date":"2025-12-05T10:28:08","date_gmt":"2025-12-05T10:28:08","guid":{"rendered":"https:\/\/www.europesays.com\/lv\/66280\/"},"modified":"2025-12-05T10:28:08","modified_gmt":"2025-12-05T10:28:08","slug":"florida-notikusas-asv-un-ukrainas-delegaciju-sarunas","status":"publish","type":"post","link":"https:\/\/www.europesays.com\/lv\/66280\/","title":{"rendered":"Florid\u0101 notiku\u0161as ASV un Ukrainas deleg\u0101ciju sarunas"},"content":{"rendered":"<p>Ukrainu sarun\u0101s p\u0101rst\u0101v\u0113ja Nacion\u0101l\u0101s dro\u0161\u012bbas un aizsardz\u012bbas padomes sekret\u0101rs Rustems Umerovs un Bru\u0146oto sp\u0113ku \u0123ener\u0101l\u0161t\u0101ba priek\u0161nieks Andrijs Hnatovs.<\/p>\n<p>Ceturtdienas vakara videov\u0113st\u012bjum\u0101 Ukrainas prezidents Volodimirs Zelenskis sac\u012bja, ka Ukrainas deleg\u0101cija <a href=\"https:\/\/www.tvnet.lv\/term\/555410\/asv\" class=\"topicLink\" target=\"_blank\" rel=\"nofollow noopener\">ASV<\/a> cen\u0161as noskaidrot, kas otrdien Maskav\u0101 apspriests Krievijas diktatora Vladimira Putina sarun\u0101s ar ASV s\u016bt\u0146iem St\u012bvu Vitkofu un D\u017earedu Ku\u0161neru.<\/p>\n<p>Vitkofs, kam \u0161\u012b bija sest\u0101 tik\u0161an\u0101s ar Putinu, iepaz\u012bstin\u0101jis ar jaun\u0101ko ASV nost\u0101ju attiec\u012bb\u0101 uz centieniem izbeigt Krievijas karu Ukrain\u0101.<\/p>\n<p>Pag\u0101ju\u0161\u0101s ned\u0113\u013cas nogal\u0113 Umerova vad\u012bt\u0101 deleg\u0101cija Florid\u0101 ar ASV valsts sekret\u0101ru Marko Rubio, Vitkofu un Ku\u0161neru bija apspriedusi iesp\u0113jamos pas\u0101kumus kara izbeig\u0161anai.<\/p>\n<p>P\u0113c sarun\u0101m Maskav\u0101 Krem\u013ca p\u0101rst\u0101vis medijiem pauda, ka puses vienoju\u0161\u0101s sarunu deta\u013cas neizpaust, vien nor\u0101dot, ka t\u0101s esot biju\u0161as konstrukt\u012bvas.<\/p>\n","protected":false},"excerpt":{"rendered":"Ukrainu sarun\u0101s p\u0101rst\u0101v\u0113ja Nacion\u0101l\u0101s dro\u0161\u012bbas un aizsardz\u012bbas padomes sekret\u0101rs Rustems Umerovs un Bru\u0146oto sp\u0113ku \u0123ener\u0101l\u0161t\u0101ba priek\u0161nieks Andrijs Hnatovs.&hellip;\n","protected":false},"author":2,"featured_media":66281,"comment_status":"","ping_status":"","sticky":false,"template":"","format":"standard","meta":{"footnotes":""},"categories":[5],"tags":[23,292,28,29,32,33,22,74,30,31,35,39,38,36,37,34,40,20,26,27,24,25,276,21],"class_list":{"0":"post-66280","1":"post","2":"type-post","3":"status-publish","4":"format-standard","5":"has-post-thumbnail","7":"category-aktualitates","8":"tag-aktualitates","9":"tag-asv","10":"tag-breaking-news","11":"tag-breakingnews","12":"tag-featured-news","13":"tag-featurednews","14":"tag-headlines","15":"tag-krievijas-iebrukums-ukraina","16":"tag-latest-news","17":"tag-latestnews","18":"tag-latvia","19":"tag-latvian","20":"tag-latviesu","21":"tag-latviesu-valoda","22":"tag-latviesuvaloda","23":"tag-latvija","24":"tag-lv","25":"tag-news","26":"tag-popularakas-zinas","27":"tag-popularakaszinas","28":"tag-top-stories","29":"tag-topstories","30":"tag-ukraina","31":"tag-zinas"},"share_on_mastodon":{"url":"https:\/\/pubeurope.com\/@lv\/115666491976919224","error":""},"_links":{"self":[{"href":"https:\/\/www.europesays.com\/lv\/wp-json\/wp\/v2\/posts\/66280","targetHints":{"allow":["GET"]}}],"collection":[{"href":"https:\/\/www.europesays.com\/lv\/wp-json\/wp\/v2\/posts"}],"about":[{"href":"https:\/\/www.europesays.com\/lv\/wp-json\/wp\/v2\/types\/post"}],"author":[{"embeddable":true,"href":"https:\/\/www.europesays.com\/lv\/wp-json\/wp\/v2\/users\/2"}],"replies":[{"embeddable":true,"href":"https:\/\/www.europesays.com\/lv\/wp-json\/wp\/v2\/comments?post=66280"}],"version-history":[{"count":0,"href":"https:\/\/www.europesays.com\/lv\/wp-json\/wp\/v2\/posts\/66280\/revisions"}],"wp:featuredmedia":[{"embeddable":true,"href":"https:\/\/www.europesays.com\/lv\/wp-json\/wp\/v2\/media\/66281"}],"wp:attachment":[{"href":"https:\/\/www.europesays.com\/lv\/wp-json\/wp\/v2\/media?parent=66280"}],"wp:term":[{"taxonomy":"category","embeddable":true,"href":"https:\/\/www.europesays.com\/lv\/wp-json\/wp\/v2\/categories?post=66280"},{"taxonomy":"post_tag","embeddable":true,"href":"https:\/\/www.europesays.com\/lv\/wp-json\/wp\/v2\/tags?post=66280"}],"curies":[{"name":"wp","href":"https:\/\/api.w.org\/{rel}","templated":true}]}}