{"id":66286,"date":"2025-12-05T10:41:10","date_gmt":"2025-12-05T10:41:10","guid":{"rendered":"https:\/\/www.europesays.com\/lv\/66286\/"},"modified":"2025-12-05T10:41:10","modified_gmt":"2025-12-05T10:41:10","slug":"ribiens-bus-hiphopa-festivals-straume-svines-piecu-gadu-jubileju","status":"publish","type":"post","link":"https:\/\/www.europesays.com\/lv\/66286\/","title":{"rendered":"R\u012bbiens b\u016bs! Hiphopa festiv\u0101ls &#8220;Straume&#8221; svin\u0113s piecu gadu jubileju"},"content":{"rendered":"<p>Marko &amp; galaktik \u2013 Marko ir reperis, kur\u0161 debit\u0113ja 2020. gad\u0101 un kop\u0161 t\u0101 laika guvis pla\u0161u atzin\u012bbu, sadarbojoties ar Latvijas hiphopa lielv\u0101rdiem. \u0160ogad vi\u0146\u0161 izdeva veiksm\u012bgus singlus \u201cP\u013cavu P\u0101vests Freestyle 3\u201d, \u201c5AM in Whitechapel\u201d un \u201cMalaga Freestyle\u201d, un jau \u0161oziem ir gaid\u0101ms ar\u012b ilgi sol\u012btais kopalbums ar galaktik \u2013 projekts, pie kura reperis un producents str\u0101d\u0101ju\u0161i jau ilgu laiku.<\/p>\n<p>Festiv\u0101la \u201cStraume\u201d norises vieta nemain\u012bgi ir \u201cZeit\u201d rado\u0161ais kvart\u0101ls, kas atrodas Gaujas Nacion\u0101l\u0101 parka sird\u012b L\u012bgatn\u0113 (Gaujas iel\u0101 4). Kvart\u0101la priek\u0161roc\u012bbas ir infrastrukt\u016bra un festiv\u0101la teritorija, kas labiek\u0101rtota t\u0101, lai apmekl\u0113t\u0101jiem b\u016btu gan vieta, kur izl\u0113k\u0101ties skatuves priek\u0161\u0101, gan iesp\u0113ja mier\u012bgi pas\u0113d\u0113t un baud\u012bt koncertus no malas pie galdi\u0146iem vai pat no gaisa \u2013 tur eso\u0161aj\u0101 t\u012bklu park\u0101.<\/p>\n<p><img decoding=\"async\" class=\"figure__image\" onclick=\"triggerEvent('articleImageClick', { id: 17320269, focus: 'single-image', focusIndex: '17320269' })\" onkeydown=\"if (event.key === 'Enter') {&#10;        triggerEvent('articleImageClick', { id: 17320269, focus: 'single-image', focusIndex: '17320269' })&#10;        }\" role=\"button\" tabindex=\"0\" data-focus-from=\"single-image\" data-focus-index=\"17320269\" src=\"https:\/\/www.europesays.com\/lv\/wp-content\/uploads\/2025\/12\/17320269t1hd927.jpg\"  onload=\"this.parentElement.classList.remove('figure__image-loading')\" alt=\"\"\/> Foto: Krisjanis_Liepins<\/p>\n<p>Festiv\u0101ls ir viens no retajiem Latvij\u0101, kas pied\u0101v\u0101 \u012bstu festiv\u0101la saj\u016btu, kur viena no neat\u0146emam\u0101m festiv\u0101la sast\u0101vda\u013c\u0101m ir tel\u0161u pils\u0113ti\u0146a, turkl\u0101t festiv\u0101la \u201cStraume\u201d apmekl\u0113t\u0101jiem t\u0101 ir pieejama bez maksas. Savuk\u0101rt tiem, kas v\u0113las baud\u012bt festiv\u0101la gaisotni ar v\u0113l liel\u0101ku komfortu, organizatori iesaka jau laikus iepaz\u012bties ar &#8220;Hotel Zeit&#8221; pieejam\u012bbu.<\/p>\n<p>Divu dienu bi\u013cetes uz festiv\u0101lu &#8216;Straume&#8221; var ieg\u0101d\u0101ties jau tagad festiv\u0101la ofici\u0101laj\u0101 vietn\u0113<a target=\"_blank\" rel=\"noopener noreferrer nofollow\" href=\"http:\/\/www.straumefest.lv\/\"> www.straumefest.lv<\/a>. Bi\u013ce\u0161u skaits ierobe\u017eot\u0101 daudzum\u0101. V\u0113l tikai l\u012bdz 31. decembrim Straume\u201926 divu dienu bi\u013cetes pieejamas par \u012bpa\u0161u cenu.<\/p>\n<p><img decoding=\"async\" class=\"figure__image\" onclick=\"triggerEvent('articleImageClick', { id: 17320271, focus: 'single-image', focusIndex: '17320271' })\" onkeydown=\"if (event.key === 'Enter') {&#10;        triggerEvent('articleImageClick', { id: 17320271, focus: 'single-image', focusIndex: '17320271' })&#10;        }\" role=\"button\" tabindex=\"0\" data-focus-from=\"single-image\" data-focus-index=\"17320271\" src=\"https:\/\/www.europesays.com\/lv\/wp-content\/uploads\/2025\/12\/17320271t1hd2ab.jpg\"  onload=\"this.parentElement.classList.remove('figure__image-loading')\" alt=\"\"\/> Foto: Krisjanis_Liepins<\/p>\n<p>Katr\u0101 festiv\u0101la bi\u013cet\u0113 ir iek\u013cauta telts vieta, bezmaksas autost\u0101vvieta, k\u0101 ar\u012b \u201cT\u012bklu Parka\u201d baud\u012b\u0161ana visa festiv\u0101la norises laik\u0101. Festiv\u0101la apmekl\u0113t\u0101ju \u0113rt\u012bb\u0101m ir pieejamas ar\u012b bezmaksas kemperu vietas, kas ir ierobe\u017eot\u0101 skait\u0101 un pirms iera\u0161an\u0101s j\u0101piesaka.<\/p>\n","protected":false},"excerpt":{"rendered":"Marko &amp; galaktik \u2013 Marko ir reperis, kur\u0161 debit\u0113ja 2020. gad\u0101 un kop\u0161 t\u0101 laika guvis pla\u0161u atzin\u012bbu,&hellip;\n","protected":false},"author":2,"featured_media":66287,"comment_status":"","ping_status":"","sticky":false,"template":"","format":"standard","meta":{"footnotes":""},"categories":[19],"tags":[17123,5785,89,17121,5321,90,35,39,38,36,37,34,4549,40,17122,15150],"class_list":{"0":"post-66286","1":"post","2":"type-post","3":"status-publish","4":"format-standard","5":"has-post-thumbnail","7":"category-izklaide","8":"tag-zeit-radosais-kvartals","9":"tag-ansis","10":"tag-entertainment","11":"tag-festivals-straume","12":"tag-hiphops","13":"tag-izklaide","14":"tag-latvia","15":"tag-latvian","16":"tag-latviesu","17":"tag-latviesu-valoda","18":"tag-latviesuvaloda","19":"tag-latvija","20":"tag-ligatne","21":"tag-lv","22":"tag-marko-galaktik","23":"tag-reps"},"share_on_mastodon":{"url":"https:\/\/pubeurope.com\/@lv\/115666543271153155","error":""},"_links":{"self":[{"href":"https:\/\/www.europesays.com\/lv\/wp-json\/wp\/v2\/posts\/66286","targetHints":{"allow":["GET"]}}],"collection":[{"href":"https:\/\/www.europesays.com\/lv\/wp-json\/wp\/v2\/posts"}],"about":[{"href":"https:\/\/www.europesays.com\/lv\/wp-json\/wp\/v2\/types\/post"}],"author":[{"embeddable":true,"href":"https:\/\/www.europesays.com\/lv\/wp-json\/wp\/v2\/users\/2"}],"replies":[{"embeddable":true,"href":"https:\/\/www.europesays.com\/lv\/wp-json\/wp\/v2\/comments?post=66286"}],"version-history":[{"count":0,"href":"https:\/\/www.europesays.com\/lv\/wp-json\/wp\/v2\/posts\/66286\/revisions"}],"wp:featuredmedia":[{"embeddable":true,"href":"https:\/\/www.europesays.com\/lv\/wp-json\/wp\/v2\/media\/66287"}],"wp:attachment":[{"href":"https:\/\/www.europesays.com\/lv\/wp-json\/wp\/v2\/media?parent=66286"}],"wp:term":[{"taxonomy":"category","embeddable":true,"href":"https:\/\/www.europesays.com\/lv\/wp-json\/wp\/v2\/categories?post=66286"},{"taxonomy":"post_tag","embeddable":true,"href":"https:\/\/www.europesays.com\/lv\/wp-json\/wp\/v2\/tags?post=66286"}],"curies":[{"name":"wp","href":"https:\/\/api.w.org\/{rel}","templated":true}]}}