{"id":66329,"date":"2025-12-05T11:32:07","date_gmt":"2025-12-05T11:32:07","guid":{"rendered":"https:\/\/www.europesays.com\/lv\/66329\/"},"modified":"2025-12-05T11:32:07","modified_gmt":"2025-12-05T11:32:07","slug":"eirovizijas-dziesmu-konkursam-ir-japaliek-kulturas-un-muzikalai-platformai","status":"publish","type":"post","link":"https:\/\/www.europesays.com\/lv\/66329\/","title":{"rendered":"Eirov\u012bzijas dziesmu konkursam ir j\u0101paliek kult\u016bras un muzik\u0101lai platformai"},"content":{"rendered":"<p>EBU locek\u013ci pauda &#8220;skaidru atbalstu reform\u0101m, lai stiprin\u0101tu uztic\u012bbu un aizsarg\u0101tu konkursa neitralit\u0101ti&#8221;, &#8220;\u013caujot piedal\u012bties visiem dal\u012bbniekiem&#8221;, teikts organiz\u0101cijas pazi\u0146ojum\u0101.<\/p>\n<p>Raidorganiz\u0101cijas tagad tiks aicin\u0101tas apstiprin\u0101t savu dal\u012bbu 2026. gada konkurs\u0101. Pilns dal\u012bbnieku saraksts Eirov\u012bzijas 70. jubilejas dziesmu konkursam tiks pazi\u0146ots pirms Ziemassv\u0113tkiem.<\/p>\n<p>T\u0101das valstis k\u0101 Islande, \u012arija, Sp\u0101nija un N\u012bderlande p\u0113d\u0113jos m\u0113ne\u0161os bija draud\u0113ju\u0161as nepiedal\u012bties 2026. gada konkurs\u0101, ja taj\u0101 piedal\u012bsies Izra\u0113la. Ar\u012b Be\u013c\u0123ija, Somija, Zviedrija un citas valstis ir pie\u013c\u0101vu\u0161as iesp\u0113ju boikot\u0113t pas\u0101kumu saist\u012bb\u0101 ar situ\u0101ciju Gazas josl\u0101.<\/p>\n<p>EBU, kas organiz\u0113 Eirov\u012bziju sadarb\u012bb\u0101 ar dal\u012bborganiz\u0101cij\u0101m vair\u0101k nek\u0101 35 valst\u012bs, pl\u0101noja novembr\u012b r\u012bkot dal\u012bborganiz\u0101ciju balsojumu, ta\u010du da\u017eas dienas p\u0113c tam, kad 10. oktobr\u012b Izra\u0113la un palest\u012bnie\u0161u teroristiskais grup\u0113jums &#8220;Ham\u0101s&#8221;, kas kontrol\u0113 Gazas joslu, pazi\u0146oja par pamieru, EBU atlika l\u0113muma pie\u0146em\u0161anu l\u012bdz k\u0101rt\u0113jai \u0123ener\u0101lajai asamblejai.<\/p>\n<p>EBU noteikumi tika main\u012bti p\u0113c tam, kad iepriek\u0161\u0113jos divos konkursos Izra\u0113las dal\u012bbnieki sa\u0146\u0113ma nelielu atbalstu no profesion\u0101l\u0101s \u017e\u016brijas, bet lielu atbalstu no sabiedr\u012bbas balsojuma.<\/p>\n<p>\u0160ogad konkurs\u0101 B\u0101zel\u0113, \u0160veic\u0113, uzvar\u0113ja austrie\u0161u dzied\u0101t\u0101js JJ ar dziesmu &#8220;Wasted Love&#8221;, bet Izra\u0113las dzied\u0101t\u0101ja Juvala Rafaela palika otraj\u0101 viet\u0101. Rafaela sa\u0146\u0113ma visvair\u0101k balsu skat\u012bt\u0101ju balsojum\u0101, ta\u010du valstu ekspertu \u017e\u016brijas vi\u0146u nov\u0113rt\u0113ja krietni zem\u0101k. Vair\u0101kas raidorganiz\u0101cijas, kas piedal\u012bj\u0101s konkurs\u0101, p\u0113c tam izteica \u0161aubas par balso\u0161anas procesu.<\/p>\n","protected":false},"excerpt":{"rendered":"EBU locek\u013ci pauda &#8220;skaidru atbalstu reform\u0101m, lai stiprin\u0101tu uztic\u012bbu un aizsarg\u0101tu konkursa neitralit\u0101ti&#8221;, &#8220;\u013caujot piedal\u012bties visiem dal\u012bbniekiem&#8221;, teikts&hellip;\n","protected":false},"author":2,"featured_media":65970,"comment_status":"","ping_status":"","sticky":false,"template":"","format":"standard","meta":{"footnotes":""},"categories":[14],"tags":[23,57,28,29,492,32,33,22,30,31,35,39,38,36,37,34,40,9599,20,26,27,24,25,54,55,56,21,58],"class_list":{"0":"post-66329","1":"post","2":"type-post","3":"status-publish","4":"format-standard","5":"has-post-thumbnail","7":"category-zinas-no-arvalstim","8":"tag-aktualitates","9":"tag-arvalstim","10":"tag-breaking-news","11":"tag-breakingnews","12":"tag-eirovizija","13":"tag-featured-news","14":"tag-featurednews","15":"tag-headlines","16":"tag-latest-news","17":"tag-latestnews","18":"tag-latvia","19":"tag-latvian","20":"tag-latviesu","21":"tag-latviesu-valoda","22":"tag-latviesuvaloda","23":"tag-latvija","24":"tag-lv","25":"tag-makslinieki","26":"tag-news","27":"tag-popularakas-zinas","28":"tag-popularakaszinas","29":"tag-top-stories","30":"tag-topstories","31":"tag-world","32":"tag-world-news","33":"tag-worldnews","34":"tag-zinas","35":"tag-zinas-no-arvalstim"},"share_on_mastodon":{"url":"https:\/\/pubeurope.com\/@lv\/115666743669424785","error":""},"_links":{"self":[{"href":"https:\/\/www.europesays.com\/lv\/wp-json\/wp\/v2\/posts\/66329","targetHints":{"allow":["GET"]}}],"collection":[{"href":"https:\/\/www.europesays.com\/lv\/wp-json\/wp\/v2\/posts"}],"about":[{"href":"https:\/\/www.europesays.com\/lv\/wp-json\/wp\/v2\/types\/post"}],"author":[{"embeddable":true,"href":"https:\/\/www.europesays.com\/lv\/wp-json\/wp\/v2\/users\/2"}],"replies":[{"embeddable":true,"href":"https:\/\/www.europesays.com\/lv\/wp-json\/wp\/v2\/comments?post=66329"}],"version-history":[{"count":0,"href":"https:\/\/www.europesays.com\/lv\/wp-json\/wp\/v2\/posts\/66329\/revisions"}],"wp:featuredmedia":[{"embeddable":true,"href":"https:\/\/www.europesays.com\/lv\/wp-json\/wp\/v2\/media\/65970"}],"wp:attachment":[{"href":"https:\/\/www.europesays.com\/lv\/wp-json\/wp\/v2\/media?parent=66329"}],"wp:term":[{"taxonomy":"category","embeddable":true,"href":"https:\/\/www.europesays.com\/lv\/wp-json\/wp\/v2\/categories?post=66329"},{"taxonomy":"post_tag","embeddable":true,"href":"https:\/\/www.europesays.com\/lv\/wp-json\/wp\/v2\/tags?post=66329"}],"curies":[{"name":"wp","href":"https:\/\/api.w.org\/{rel}","templated":true}]}}