{"id":66360,"date":"2025-12-05T11:56:13","date_gmt":"2025-12-05T11:56:13","guid":{"rendered":"https:\/\/www.europesays.com\/lv\/66360\/"},"modified":"2025-12-05T11:56:13","modified_gmt":"2025-12-05T11:56:13","slug":"baltijas-valstu-prezidenti-vienoti-par-koordinacijas-nepieciesamibu-sliezu-demontazas-jautajuma-2","status":"publish","type":"post","link":"https:\/\/www.europesays.com\/lv\/66360\/","title":{"rendered":"Baltijas valstu prezidenti vienoti par koordin\u0101cijas nepiecie\u0161am\u012bbu slie\u017eu demont\u0101\u017eas jaut\u0101jum\u0101"},"content":{"rendered":"<p>Ja Latvija, Lietuva un Igaunija lemtu par dzelzce\u013ca slie\u017eu savienojumu ar Krieviju un Baltkrieviju demont\u0101\u017eu, \u0161\u0101dam l\u0113mumam b\u016btu j\u0101b\u016bt kop\u012bgam, tre\u0161dien p\u0113c Baltijas prezidentu tik\u0161an\u0101s nor\u0101d\u012bja re\u0123iona l\u012bderi.<\/p>\n<p>Igaunijas prezidents Alars Kariss sac\u012bja, ka valstis ir run\u0101ju\u0161as par \u0161\u0101du iesp\u0113ju un, ja demont\u0101\u017ea tiktu \u012bstenota, t\u0101 b\u016btu j\u0101dara kop\u0101. Vi\u0146\u0161 nor\u0101d\u012bja, ka situ\u0101cijas starp Latviju, Lietuvu un Igauniju at\u0161\u0137iras, un patlaban notiek transporta satiksme starp Centr\u0101l\u0101ziju un cit\u0101m valst\u012bm, t\u0101d\u0113\u013c lo\u0123iski b\u016btu r\u012bkoties koordin\u0113ti. Kariss piebilda, ka jaut\u0101jums ir jauns un tas nodots ministriem turpm\u0101kai apsprie\u0161anai.<\/p>\n<p>Lietuvas prezidents Gitans Naus\u0113da uzsv\u0113ra, ka svar\u012bgi ir koordin\u0113ti r\u012bkoties saist\u012bb\u0101 ar Baltijas aizsardz\u012bbas l\u012bniju un sadarb\u012bb\u0101 ar Poliju, kas ar\u012b izskata Austrumu aizsardz\u012bbas l\u012bnijas izveidi. Vi\u0146\u0161 pauda, ka Eiropas Komisijai b\u016btu j\u0101izskata finans\u0113juma nodro\u0161in\u0101\u0161ana gan \u012bstermi\u0146\u0101, gan ilgtermi\u0146\u0101. Lietuvas prezidents nor\u0101d\u012bja, ka atteik\u0161an\u0101s no dzelzce\u013ca slied\u0113m uz austrumu valst\u012bm b\u016btu da\u013ca no pretmobilit\u0101tes pas\u0101kumiem, pie kuriem Baltijas valstis str\u0101d\u0101.<\/p>\n<p>Latvijas prezidents Edgars Rink\u0113vi\u010ds akcent\u0113ja, ka l\u0113mumi b\u016bs kop\u012bgi, ta\u010du pagaid\u0101m tie v\u0113l nav pie\u0146emti. Darbs turpin\u0101s vald\u012bbu l\u012bmen\u012b, un taj\u0101 tiks iesaist\u012bti milit\u0101rie eksperti un aizsardz\u012bbas speci\u0101listi. Rink\u0113vi\u010ds uzsv\u0113ra, ka jaut\u0101jums skar ne tikai dzelzce\u013cu, jo pretmobilit\u0101tes pas\u0101kumi ietver vair\u0101kus elementus. Vi\u0146\u0161 nor\u0101d\u012bja, ka Baltijas valstis veido kop\u012bgu aizsardz\u012bbas telpu, t\u0101p\u0113c l\u0113mumi pie\u0146emami kop\u012bgi, un priek\u0161likums ir skat\u012bt pretmobilit\u0101tes pas\u0101kumus un Baltijas aizsardz\u012bbas l\u012bniju k\u0101 vienotu, kompleksu risin\u0101jumu.<\/p>\n<p>K\u0101 v\u0113st\u012bts, vair\u0101k\u0101m Latvijas ministrij\u0101m un dro\u0161\u012bbas iest\u0101d\u0113m uzdots l\u012bdz gada beig\u0101m sagatavot atzinumu par to, k\u0101du ietekmi Latvijai rad\u012btu slie\u017eu nojauk\u0161ana Krievijas pierobe\u017e\u0101.<\/p>\n<p>TV3 raid\u012bjums &#8220;Nek\u0101 person\u012bga&#8221; sv\u0113tdien v\u0113st\u012bja, ka Latvij\u0101 sl\u0113gt\u0101s s\u0113d\u0113s spriests par iesp\u0113ju p\u0101rgriezt dzelzce\u013ca sliedes Krievijas virzien\u0101. \u0160\u012b savienojuma past\u0101v\u0113\u0161ana, p\u0113c Latvijas un \u0101rvalstu milit\u0101ro anal\u012bti\u0137u dom\u0101m, ir vistie\u0161\u0101kais risks dro\u0161\u012bbai. Intervij\u0101 &#8220;Nek\u0101 person\u012bga&#8221; NBS p\u0101rst\u0101vji nep\u0101rprotami lieku\u0161i saprast, ka slie\u017eu ce\u013ci un ar\u012b uzb\u0113rumi Krievijas pierobe\u017e\u0101 j\u0101likvid\u0113 &#8211; jo \u0101tr\u0101k, jo lab\u0101k.<\/p>\n<p>Aptauj\u0101tie milit\u0101rie un ekonomikas anal\u012bti\u0137i raid\u012bjumam nor\u0101da, ka, vi\u0146upr\u0101t, eso\u0161ie dzelzce\u013ca savienojumi ar Krieviju ir dro\u0161\u012bbas apdraud\u0113jums. T\u0101p\u0113c neb\u016btu ilgi j\u0101kav\u0113jas ar \u0161o slie\u017eu ce\u013cu demont\u0113\u0161anu.<\/p>\n<p>Satiksmes ministrs Atis \u0160vinka (P) raid\u012bjumam nor\u0101d\u012bja, ka situ\u0101cija esot j\u0101v\u0113rt\u0113, jo slie\u017eu ce\u013cu nojauk\u0161ana Krievijas virzien\u0101 piln\u012bb\u0101 aptur\u0113s tranz\u012btbiznesu Latvij\u0101 ar\u012b krav\u0101m no \u0100zijas.<\/p>\n<p>Savuk\u0101rt Aizsardz\u012bbas ministrija raid\u012bjumam atz\u012bm\u0113ja, ka Nacion\u0101lajiem bru\u0146otajiem sp\u0113kiem (NBS) esot pretmobilit\u0101tes pl\u0101ni, kas nosaka, ko dar\u012bt, ja iest\u0101jas milit\u0101rs apdraud\u0113jums. Tie tiek tren\u0113ti kop\u0101 ar VAS &#8220;Latvijas dzelzce\u013c\u0161&#8221;. Vai, vi\u0146upr\u0101t, slie\u017eu likvid\u0113\u0161ana jau tagad pal\u012bdz\u0113tu stiprin\u0101t dro\u0161\u012bbu, teikt nevarot, jo tas viss esot nosl\u0113pums.<\/p>\n<p>Ar\u012b starptautisko attiec\u012bbu un aizsardz\u012bbas jomas p\u0113tnieks Kolins Smits intervij\u0101 a\u0123ent\u016brai LETA nor\u0101d\u012bja, ka, lai stiprin\u0101tu Latvijas milit\u0101ro dro\u0161\u012bbu, ir j\u0101nojauc vismaz tie Krievijas platuma slie\u017eu ce\u013ci uz austrumiem no Daugavpils, kas netiek izmantoti, jo bez dzelzce\u013ca Krievijas iesp\u0113jas veikt k\u0101du iebrukumu Latvij\u0101 b\u016btiski sare\u017e\u0123\u012btos.<\/p>\n","protected":false},"excerpt":{"rendered":"Ja Latvija, Lietuva un Igaunija lemtu par dzelzce\u013ca slie\u017eu savienojumu ar Krieviju un Baltkrieviju demont\u0101\u017eu, \u0161\u0101dam l\u0113mumam b\u016btu&hellip;\n","protected":false},"author":2,"featured_media":66361,"comment_status":"","ping_status":"","sticky":false,"template":"","format":"standard","meta":{"footnotes":""},"categories":[14],"tags":[23,57,28,29,47,32,33,22,381,64,30,31,35,39,38,36,37,34,40,20,385,26,27,172,382,384,383,24,25,54,55,56,21,58],"class_list":{"0":"post-66360","1":"post","2":"type-post","3":"status-publish","4":"format-standard","5":"has-post-thumbnail","7":"category-zinas-no-arvalstim","8":"tag-aktualitates","9":"tag-arvalstim","10":"tag-breaking-news","11":"tag-breakingnews","12":"tag-ekonomika","13":"tag-featured-news","14":"tag-featurednews","15":"tag-headlines","16":"tag-jaunumi","17":"tag-kultura","18":"tag-latest-news","19":"tag-latestnews","20":"tag-latvia","21":"tag-latvian","22":"tag-latviesu","23":"tag-latviesu-valoda","24":"tag-latviesuvaloda","25":"tag-latvija","26":"tag-lv","27":"tag-news","28":"tag-pieriga","29":"tag-popularakas-zinas","30":"tag-popularakaszinas","31":"tag-riga","32":"tag-sabiedriba","33":"tag-sludinajumi","34":"tag-sports-afisa","35":"tag-top-stories","36":"tag-topstories","37":"tag-world","38":"tag-world-news","39":"tag-worldnews","40":"tag-zinas","41":"tag-zinas-no-arvalstim"},"share_on_mastodon":{"url":"","error":"Validation failed: Text character limit of 500 exceeded"},"_links":{"self":[{"href":"https:\/\/www.europesays.com\/lv\/wp-json\/wp\/v2\/posts\/66360","targetHints":{"allow":["GET"]}}],"collection":[{"href":"https:\/\/www.europesays.com\/lv\/wp-json\/wp\/v2\/posts"}],"about":[{"href":"https:\/\/www.europesays.com\/lv\/wp-json\/wp\/v2\/types\/post"}],"author":[{"embeddable":true,"href":"https:\/\/www.europesays.com\/lv\/wp-json\/wp\/v2\/users\/2"}],"replies":[{"embeddable":true,"href":"https:\/\/www.europesays.com\/lv\/wp-json\/wp\/v2\/comments?post=66360"}],"version-history":[{"count":0,"href":"https:\/\/www.europesays.com\/lv\/wp-json\/wp\/v2\/posts\/66360\/revisions"}],"wp:featuredmedia":[{"embeddable":true,"href":"https:\/\/www.europesays.com\/lv\/wp-json\/wp\/v2\/media\/66361"}],"wp:attachment":[{"href":"https:\/\/www.europesays.com\/lv\/wp-json\/wp\/v2\/media?parent=66360"}],"wp:term":[{"taxonomy":"category","embeddable":true,"href":"https:\/\/www.europesays.com\/lv\/wp-json\/wp\/v2\/categories?post=66360"},{"taxonomy":"post_tag","embeddable":true,"href":"https:\/\/www.europesays.com\/lv\/wp-json\/wp\/v2\/tags?post=66360"}],"curies":[{"name":"wp","href":"https:\/\/api.w.org\/{rel}","templated":true}]}}