{"id":66377,"date":"2025-12-05T12:06:07","date_gmt":"2025-12-05T12:06:07","guid":{"rendered":"https:\/\/www.europesays.com\/lv\/66377\/"},"modified":"2025-12-05T12:06:07","modified_gmt":"2025-12-05T12:06:07","slug":"roberts-kruzbergs-pasaules-kausa-nosleguma-1000m-distance-izcina-devito-vietu-lente-lv","status":"publish","type":"post","link":"https:\/\/www.europesays.com\/lv\/66377\/","title":{"rendered":"Roberts Kr\u016bzbergs Pasaules kausa nosl\u0113gum\u0101 1000m distanc\u0113 izc\u012bna dev\u012bto vietu\u00a0\u2014\u00a0Lente.lv"},"content":{"rendered":"<p>Latvijas \u0161orttrekists Roberts Kr\u016bzbergs sasniedz dev\u012bto vietu Pasaules kausa nosl\u0113dzo\u0161aj\u0101 posm\u0101<\/p>\n<p>Latvijas \u0161orttrekists Roberts Kr\u016bzbergs N\u012bderland\u0113 notiku\u0161aj\u0101 Pasaules \u0161orttreka t\u016bres sezonas ceturt\u0101, nosl\u0113dzo\u0161\u0101 posma 1000 metru distanc\u0113 izc\u012bn\u012bjis dev\u012bto vietu. Sportists apliecin\u0101jis savu meistar\u012bbu, nodro\u0161inot vietu ceturtda\u013cfin\u0101l\u0101, kur\u0101 vi\u0146\u0161 sav\u0101 slidojum\u0101 guva uzvaru. Diem\u017e\u0113l, c\u012b\u0146\u0101 par iek\u013c\u016b\u0161anu fin\u0101l\u0101 Kr\u016bzbergs piedz\u012bvoja kritienu, kas liedza c\u012bn\u012bties par augst\u0101ku rezult\u0101tu. T\u0101d\u0113j\u0101di vi\u0146\u0161 start\u0113ja B fin\u0101l\u0101, kur\u0101 sacent\u0101s par viet\u0101m no 6. l\u012bdz 9.<\/p>\n<p>\u0160\u012b sezona ir bijusi \u013coti intens\u012bva un izaicino\u0161a Latvijas \u0161orttrekistam. Kr\u016bzbergs ir demonstr\u0113jis stabilu sniegumu visos Pasaules kausa posmos, piedaloties individu\u0101laj\u0101s distanc\u0113s \u2013 500m, 1000m un 1500m, k\u0101 ar\u012b piedaloties stafet\u0113s. Lai gan \u0161oreiz meda\u013cas nav izdevies izc\u012bn\u012bt, vi\u0146a sniegums ir bijis \u013coti konkur\u0113tsp\u0113j\u012bgs elites l\u012bmen\u012b. Katrs starts Pasaules kausa posm\u0101 ir v\u0113rt\u012bga pieredze un solis tuv\u0101k 2026. gada Mil\u0101nas-Kort\u012bnas olimpiskaj\u0101m sp\u0113l\u0113m, kur\u0101s Kr\u016bzbergs pl\u0101no sevi apliecin\u0101t v\u0113l sp\u0113c\u012bg\u0101k. Vi\u0146\u0161 ir gatavs turpin\u0101t pilnveidot savu tehniku un fizisko kond\u012bciju, lai sasniegtu savus karjeras m\u0113r\u0137us.<\/p>\n<p>Kr\u016bzberga ce\u013c\u0161 l\u012bdz dev\u012btajai vietai un sezonas kopskats<\/p>\n<p>Ce\u013c\u0161 uz dev\u012bto vietu nebija viegls. Kr\u016bzbergs veiksm\u012bgi p\u0101rvar\u0113ja s\u0101kotn\u0113jos skr\u0113jienus un nodro\u0161in\u0101ja sev vietu ceturtda\u013cfin\u0101l\u0101, kur sav\u0101 slidojum\u0101 vi\u0146\u0161 bija nep\u0101rsp\u0113ts, g\u016bstot p\u0101rliecino\u0161u uzvaru. Tom\u0113r pusfin\u0101l\u0101, cen\u0161oties pak\u0101pties augst\u0101k, vi\u0146\u0161 neizb\u0113gami sask\u0101r\u0101s ar konkurentiem, krita un nesp\u0113ja fini\u0161\u0113t. Tas vi\u0146u autom\u0101tiski nos\u016bt\u012bja uz B fin\u0101lu. \u0160aj\u0101 fin\u0101l\u0101, lai gan c\u012b\u0146a bija s\u012bva, Kr\u016bzbergs ie\u0146\u0113ma ceturto vietu starp B fin\u0101la dal\u012bbniekiem, kas kopv\u0113rt\u0113jum\u0101 dod dev\u012bto rezult\u0101tu 1000 metru distanc\u0113.<\/p>\n<p>Visas sezonas garum\u0101 Roberts Kr\u016bzbergs ir demonstr\u0113jis lielisku fizisko formu un sp\u012btu. Vi\u0146a sasniegumi Pasaules t\u016bres posmos, ieskaitot iepriek\u0161\u0113j\u0101s sezonas meda\u013cas, apliecina vi\u0146a potenci\u0101lu un vietu starp pasaules lab\u0101kajiem \u0161orttrekistiem. Lai gan vi\u0146a rezult\u0101ti \u0161aj\u0101 sezon\u0101 nav m\u0113r\u0101mi ar pag\u0101ju\u0161\u0101 gada pan\u0101kumiem, vi\u0146\u0161 ir sasniedzis savu lab\u0101ko fizisko kond\u012bciju karjer\u0101. \u0160\u012b pieredze ir nenov\u0113rt\u0113jama, \u012bpa\u0161i gatavojoties n\u0101kamaj\u0101m olimpiskaj\u0101m sp\u0113l\u0113m. Katrs starts, katra uzvara un pat katrs kritiens ir da\u013ca no vi\u0146a ce\u013ca uz izcil\u012bbu.<\/p>\n<p>Olimpisk\u0101s sp\u0113les un n\u0101kotnes perspekt\u012bvas<\/p>\n<p>Pasaules kausa posmi ir svar\u012bgs posms ce\u013c\u0101 uz 2026. gada ziemas olimpiskaj\u0101m sp\u0113l\u0113m Mil\u0101n\u0101 un Kort\u012bn\u0101 d&#8217;Ampeco. \u0160orttrekisti vis\u0101 pasaul\u0113 c\u012bn\u0101s par v\u0113rt\u012bgaj\u0101m olimpiskaj\u0101m kvot\u0101m, un Kr\u016bzbergs ir nodro\u0161in\u0101jis Latvijai vietas vis\u0101s tr\u012bs individu\u0101laj\u0101s distanc\u0113s. Tas ir liels pan\u0101kums un apliecina Latvijas \u0161orttreka att\u012bst\u012bbu. Kr\u016bzbergs, kur\u0161 Mil\u0101n\u0101 piedal\u012bsies sav\u0101s otraj\u0101m olimpiskaj\u0101m sp\u0113l\u0113m, ir ap\u0146\u0113m\u012bbas pilns start\u0113t lab\u0101k nek\u0101 iepriek\u0161\u0113j\u0101s sp\u0113l\u0113s Pekin\u0101 un c\u012bn\u012bties par iek\u013c\u016b\u0161anu A fin\u0101l\u0101. Vi\u0146\u0161 uzskata, ka \u0161\u012b sezona, lai ar\u012b bez meda\u013c\u0101m Pasaules kaus\u0101, ir bijusi vi\u0146a fiziski sp\u0113c\u012bg\u0101k\u0101 l\u012bdz \u0161im, kas dod lielu p\u0101rliec\u012bbu par n\u0101kotni. Sekojot l\u012bdzi vi\u0146a progresam, varam cer\u0113t uz spilgtiem pan\u0101kumiem gan turpm\u0101kajos Pasaules kausa posmos, gan galvenaj\u0101 \u2013 olimpiskaj\u0101 \u2013 start\u0101.<\/p>\n","protected":false},"excerpt":{"rendered":"Latvijas \u0161orttrekists Roberts Kr\u016bzbergs sasniedz dev\u012bto vietu Pasaules kausa nosl\u0113dzo\u0161aj\u0101 posm\u0101 Latvijas \u0161orttrekists Roberts Kr\u016bzbergs N\u012bderland\u0113 notiku\u0161aj\u0101 Pasaules&hellip;\n","protected":false},"author":2,"featured_media":66378,"comment_status":"","ping_status":"","sticky":false,"template":"","format":"standard","meta":{"footnotes":""},"categories":[17],"tags":[17136,35,39,38,36,37,34,40,370,2560,6357,6358,67],"class_list":{"0":"post-66377","1":"post","2":"type-post","3":"status-publish","4":"format-standard","5":"has-post-thumbnail","7":"category-sports","8":"tag-1000m","9":"tag-latvia","10":"tag-latvian","11":"tag-latviesu","12":"tag-latviesu-valoda","13":"tag-latviesuvaloda","14":"tag-latvija","15":"tag-lv","16":"tag-niderlande","17":"tag-pasaules-kauss","18":"tag-roberts-kruzbergs","19":"tag-sorttreks","20":"tag-sports"},"share_on_mastodon":{"url":"https:\/\/pubeurope.com\/@lv\/115666877367409000","error":""},"_links":{"self":[{"href":"https:\/\/www.europesays.com\/lv\/wp-json\/wp\/v2\/posts\/66377","targetHints":{"allow":["GET"]}}],"collection":[{"href":"https:\/\/www.europesays.com\/lv\/wp-json\/wp\/v2\/posts"}],"about":[{"href":"https:\/\/www.europesays.com\/lv\/wp-json\/wp\/v2\/types\/post"}],"author":[{"embeddable":true,"href":"https:\/\/www.europesays.com\/lv\/wp-json\/wp\/v2\/users\/2"}],"replies":[{"embeddable":true,"href":"https:\/\/www.europesays.com\/lv\/wp-json\/wp\/v2\/comments?post=66377"}],"version-history":[{"count":0,"href":"https:\/\/www.europesays.com\/lv\/wp-json\/wp\/v2\/posts\/66377\/revisions"}],"wp:featuredmedia":[{"embeddable":true,"href":"https:\/\/www.europesays.com\/lv\/wp-json\/wp\/v2\/media\/66378"}],"wp:attachment":[{"href":"https:\/\/www.europesays.com\/lv\/wp-json\/wp\/v2\/media?parent=66377"}],"wp:term":[{"taxonomy":"category","embeddable":true,"href":"https:\/\/www.europesays.com\/lv\/wp-json\/wp\/v2\/categories?post=66377"},{"taxonomy":"post_tag","embeddable":true,"href":"https:\/\/www.europesays.com\/lv\/wp-json\/wp\/v2\/tags?post=66377"}],"curies":[{"name":"wp","href":"https:\/\/api.w.org\/{rel}","templated":true}]}}