{"id":66381,"date":"2025-12-05T12:11:22","date_gmt":"2025-12-05T12:11:22","guid":{"rendered":"https:\/\/www.europesays.com\/lv\/66381\/"},"modified":"2025-12-05T12:11:22","modified_gmt":"2025-12-05T12:11:22","slug":"noskaties-astronout-miniseriala-tresa-serija-gatavosanas-turei-un-eksperimenti","status":"publish","type":"post","link":"https:\/\/www.europesays.com\/lv\/66381\/","title":{"rendered":"Noskaties! &#8220;Astro\u2019n&#8217;out&#8221; miniseri\u0101la tre\u0161\u0101 s\u0113rija \u2013 gatavo\u0161an\u0101s t\u016brei un eksperimenti"},"content":{"rendered":"<p>Dienu pirms t\u016bres &#8220;M\u016bc&#8221; nosl\u0113dzo\u0161ajiem koncertiem R\u012bg\u0101, kinote\u0101tr\u012b &#8220;Splendid palace&#8221;, &#8220;Astro\u2019n\u2019out&#8221; public\u0113ju\u0161i tre\u0161o s\u0113riju par gatavo\u0161anos \u0161ai t\u016brei, ko raksturo gan muzik\u0101li, gan ilgtsp\u0113ju apliecino\u0161i eksperimenti.<\/p>\n<p>Re\u017eisora Toma Musta veidot\u0101 mini seri\u0101la jaun\u0101k\u0101 epizode atspogu\u013co satraukumu p\u0101ris dienas pirms t\u016bres pirm\u0101 koncerta, kad v\u0113l ir daudz nezin\u0101m\u0101 \u2013 tas ir realit\u0101tes apzin\u0101\u0161an\u0101s mirklis. &#8220;Astro\u2019n\u2019out&#8221; dal\u012bbnieki dal\u0101s ar p\u0101rdom\u0101m par rado\u0161o procesu un \u0161aub\u0101m, v\u0113loties nodot konceptu\u0101li nostr\u0101d\u0101tu, profesion\u0101lu noska\u0146u, vienlaikus apzinoties, cik viegli vai sare\u017e\u0123\u012bti ir atbild\u0113t un rea\u0123\u0113t uz ilgtsp\u0113jas jaut\u0101jumiem.<\/p>\n<p>S\u0101kot \u0161o eksperimentu, bijis daudz pl\u0101nu, cer\u012bbu par to, k\u0101 projekts var\u0113tu att\u012bst\u012bties rado\u0161\u0101 ilgtsp\u0113jas ce\u013c\u0101, k\u0101 ar\u012b sap\u0146ain\u0101 v\u0113lme maksim\u0101li mazin\u0101t savu &#8220;p\u0113das&#8221; nospiedumu, ievie\u0161ot jaunas, ilgtsp\u0113j\u012bg\u0101kas prakses koncertu organiz\u0113\u0161an\u0101. Tom\u0113r realit\u0101te r\u0101da, ka \u0161\u0101d\u0101m p\u0101rmai\u0146\u0101m nepiecie\u0161ams vair\u0101k laika gan grupai, gan Latvijas kult\u016brtelpu infrastrukt\u016br\u0101m un uz\u0146\u0113m\u0113jpraks\u0113m kopum\u0101.<\/p>\n<p>Viena no pamata atzi\u0146\u0101m seri\u0101la jaun\u0101kaj\u0101 epizod\u0113 ir \u2013 glu\u017ei k\u0101 &#8220;Labi, l\u0113ti un \u0101tri&#8221; ir teju nesavienojami j\u0113dzieni, t\u0101pat ar\u012b &#8220;ilgtsp\u0113jgi&#8221; ir v\u0101rds, kas pievieno \u0161im vienm\u0113r v\u0113lamajam salikumam papildu izaicin\u0101jumu. Ilgtsp\u0113j\u012bgie risin\u0101jumi prasa laiku, bet ja tie tiek sasteigti, tie var izr\u0101d\u012bties p\u0101r\u0101k d\u0101rgi.<\/p>\n<p>Tre\u0161\u0101 s\u0113rija skat\u012bt\u0101jus iepaz\u012bstina tuv\u0101k ar grupas \u0123it\u0101ristu Juri Kalni\u0161u un vi\u0146a ikdienas ritu\u0101liem, radot ieskatu, k\u0101 tie atspogu\u013cojas ar\u012b esot uz skatuves. Tie\u0161i mazie ritu\u0101li un ikdienas ieradumi ir tie, kurus p\u0101rskatot un par kuriem piedom\u0101jot, ilgtsp\u0113jas jaut\u0101jumos varam non\u0101kt pie liel\u0101m p\u0101rmai\u0146\u0101m. &#8220;Astro\u2019n\u2019out&#8221; iedro\u0161ina piev\u0113rst uzman\u012bbu \u0161iem s\u0101kotn\u0113ji mazajiem so\u013ciem, kas, kop\u012bgi darot, summ\u0113jas un k\u013c\u016bst noz\u012bm\u012bgi.<\/p>\n<p>\u0160is iesp\u0113jams ir svar\u012bg\u0101k\u0101 atzi\u0146a, pie kuras grupa non\u0101kusi, veidojot \u0161o ilgtsp\u0113jai velt\u012bto mini seri\u0101lu, kas tapis kop\u0101 ar draugiem \u2013 uz\u0146\u0113mumiem ZAAO un AJ Power Recycling. Seri\u0101la \u0161\u0137ietami ikdieni\u0161kais st\u0101sts paties\u012bb\u0101 caurvij ar\u012b grupas koncertt\u016bres &#8220;M\u016bc&#8221; noska\u0146u, kuru v\u0113l tikai \u0161oned\u0113\u013c iesp\u0113jams v\u0113rot kl\u0101tien\u0113.<\/p>\n<p>Lasiet ar\u012b<\/p>\n<p><a href=\"https:\/\/www.delfi.lv\/kultura\/174\/music\/120093466\/noskaties-astro-n-out-miniseriala-otra-serija-scenografija-terpi-un-kada-tuvaka-iepazisanas\" class=\"headline__image-link\" itemprop=\"url\" rel=\"nofollow noopener\" target=\"_blank\"><img decoding=\"async\" loading=\"lazy\" itemprop=\"image\" src=\"https:\/\/www.europesays.com\/lv\/wp-content\/uploads\/2025\/12\/e2635e3c-d484-4b00-9343-56bb2a23b468.jpg\" alt=\"Noskaties! &quot;Astro\u2019n'out&quot; miniseri\u0101la otr\u0101 s\u0113rija \u2013 scenogr\u0101fija, t\u0113rpi un k\u0101da tuv\u0101ka iepaz\u012b\u0161an\u0101s\" title=\"Noskaties! &quot;Astro\u2019n'out&quot; miniseri\u0101la otr\u0101 s\u0113rija \u2013 scenogr\u0101fija, t\u0113rpi un k\u0101da tuv\u0101ka iepaz\u012b\u0161an\u0101s\" class=\"headline__image img-fluid w-100\"\/><\/a><a href=\"https:\/\/www.delfi.lv\/kultura\/174\/music\/120091467\/noskaties-astro-n-out-laiz-klaja-miniserialu-un-uzsak-latvijas-turneju\" class=\"headline__image-link\" itemprop=\"url\" rel=\"nofollow noopener\" target=\"_blank\"><img decoding=\"async\" loading=\"lazy\" itemprop=\"image\" src=\"https:\/\/www.europesays.com\/lv\/wp-content\/uploads\/2025\/12\/e90755b4-5f86-4e6d-8ce2-718f8b20065e.jpg\" alt=\"Noskaties! &quot;Astro\u2019n\u2019out&quot; lai\u017e klaj\u0101 miniseri\u0101lu un uzs\u0101k Latvijas turneju\" title=\"Noskaties! &quot;Astro\u2019n\u2019out&quot; lai\u017e klaj\u0101 miniseri\u0101lu un uzs\u0101k Latvijas turneju\" class=\"headline__image img-fluid w-100\"\/><\/a><\/p>\n<p>Grupa aicina nepalaist gar\u0101m iesp\u0113ju satikties akustisk\u0101s t\u016bres &#8220;M\u016bc&#8221; nosl\u0113guma koncertos kinote\u0101tr\u012b &#8220;Splendid Palace&#8221;. T\u0101 k\u0101 koncerti 5. un 6. decembra vakaros ir izp\u0101rdoti, grupa aicina uz papildkoncertu sestdien, 6. decembr\u012b pulksten 14.00.<\/p>\n<p>Bi\u013cetes pieejamas &#8220;Bi\u013ce\u0161u Serviss&#8221; kas\u0113s.<\/p>\n<p class=\"m-0\">Seko &#8220;Delfi&#8221; ar\u012b  <a target=\"_blank\" href=\"https:\/\/www.instagram.com\/delfi.lv\/\" rel=\"nofollow noopener\">Instagram<\/a>  un <a target=\"_blank\" href=\"https:\/\/www.youtube.com\/channel\/UCw5foWtcJvAbUm64rv7jwUQ\" rel=\"nofollow noopener\">YouTube<\/a>  profil\u0101 \u2013 pievienojies, lai uzzin\u0101tu svar\u012bg\u0101ko un interesant\u0101ko pirmais!<\/p>\n<p>Publik\u0101cijas saturs vai t\u0101s jebk\u0101da apjoma da\u013ca ir aizsarg\u0101ts autorties\u012bbu objekts Autorties\u012bbu likuma izpratn\u0113, un t\u0101 izmanto\u0161ana bez izdev\u0113ja at\u013caujas ir aizliegta. Vair\u0101k lasi  <a target=\"_blank\" href=\"https:\/\/www.delfi.lv\/noteikumi#autortiesibas\" rel=\"nofollow noopener\">\u0161eit<\/a><script async src=\"\/\/www.instagram.com\/embed.js\"><\/script><\/p>\n","protected":false},"excerpt":{"rendered":"Dienu pirms t\u016bres &#8220;M\u016bc&#8221; nosl\u0113dzo\u0161ajiem koncertiem R\u012bg\u0101, kinote\u0101tr\u012b &#8220;Splendid palace&#8221;, &#8220;Astro\u2019n\u2019out&#8221; public\u0113ju\u0161i tre\u0161o s\u0113riju par gatavo\u0161anos \u0161ai t\u016brei,&hellip;\n","protected":false},"author":2,"featured_media":66382,"comment_status":"","ping_status":"","sticky":false,"template":"","format":"standard","meta":{"footnotes":""},"categories":[19],"tags":[5574,89,90,2017,35,39,38,36,37,34,40,1787],"class_list":{"0":"post-66381","1":"post","2":"type-post","3":"status-publish","4":"format-standard","5":"has-post-thumbnail","7":"category-izklaide","8":"tag-astronout","9":"tag-entertainment","10":"tag-izklaide","11":"tag-koncerti","12":"tag-latvia","13":"tag-latvian","14":"tag-latviesu","15":"tag-latviesu-valoda","16":"tag-latviesuvaloda","17":"tag-latvija","18":"tag-lv","19":"tag-splendid-palace"},"share_on_mastodon":{"url":"https:\/\/pubeurope.com\/@lv\/115666897287506776","error":""},"_links":{"self":[{"href":"https:\/\/www.europesays.com\/lv\/wp-json\/wp\/v2\/posts\/66381","targetHints":{"allow":["GET"]}}],"collection":[{"href":"https:\/\/www.europesays.com\/lv\/wp-json\/wp\/v2\/posts"}],"about":[{"href":"https:\/\/www.europesays.com\/lv\/wp-json\/wp\/v2\/types\/post"}],"author":[{"embeddable":true,"href":"https:\/\/www.europesays.com\/lv\/wp-json\/wp\/v2\/users\/2"}],"replies":[{"embeddable":true,"href":"https:\/\/www.europesays.com\/lv\/wp-json\/wp\/v2\/comments?post=66381"}],"version-history":[{"count":0,"href":"https:\/\/www.europesays.com\/lv\/wp-json\/wp\/v2\/posts\/66381\/revisions"}],"wp:featuredmedia":[{"embeddable":true,"href":"https:\/\/www.europesays.com\/lv\/wp-json\/wp\/v2\/media\/66382"}],"wp:attachment":[{"href":"https:\/\/www.europesays.com\/lv\/wp-json\/wp\/v2\/media?parent=66381"}],"wp:term":[{"taxonomy":"category","embeddable":true,"href":"https:\/\/www.europesays.com\/lv\/wp-json\/wp\/v2\/categories?post=66381"},{"taxonomy":"post_tag","embeddable":true,"href":"https:\/\/www.europesays.com\/lv\/wp-json\/wp\/v2\/tags?post=66381"}],"curies":[{"name":"wp","href":"https:\/\/api.w.org\/{rel}","templated":true}]}}