{"id":66383,"date":"2025-12-05T12:17:21","date_gmt":"2025-12-05T12:17:21","guid":{"rendered":"https:\/\/www.europesays.com\/lv\/66383\/"},"modified":"2025-12-05T12:17:21","modified_gmt":"2025-12-05T12:17:21","slug":"velsas-princese-keita-vindzoras-pili-apzilbina-ar-karalienes-viktorijas-grezno-diademu-lente-lv","status":"publish","type":"post","link":"https:\/\/www.europesays.com\/lv\/66383\/","title":{"rendered":"Velsas princese Keita Vindzoras pil\u012b ap\u017eilbina ar karalienes Viktorijas grezno diad\u0113mu\u00a0\u2014\u00a0Lente.lv"},"content":{"rendered":"<p>Velsas princese Keita ap\u017eilbina ar karalisku grezn\u012bbu Vindzoras pil\u012b<\/p>\n<p>Tre\u0161dienas, 3. decembra, vakar\u0101 Vindzoras pils k\u013cuva par greznas karalisk\u0101s ceremonijas norises vietu, kur Velsas princese Keita Midltone demonstr\u0113ja savu nevainojamo gaumi un kara\u013cnama v\u0113sturisko mantojumu, rot\u0101joties ar iespaid\u012bgu diad\u0113mu.<\/p>\n<p>Karalienes Viktorijas d\u0101rgums \u2013 \u201cOriental Circlet\u201d diad\u0113ma<\/p>\n<p>Svin\u012bgaj\u0101 banket\u0101, kas notika par godu V\u0101cijas prezidentam Frankam-Valteram \u0160teinmeieram un vi\u0146a kundzei Elkei B\u012bdenbenderei, princese Keita izv\u0113l\u0113j\u0101s galv\u0101 likt karalienes Viktorijas senatn\u012bgo un elpu aizraujo\u0161o diad\u0113mu \u2013 \u201cOriental Circlet\u201d. \u0160is d\u0101rgakmens, kas ir viens no iespaid\u012bg\u0101kajiem karaliskaj\u0101 kolekcij\u0101, savulaik pieder\u0113jis karalienei Viktorijai, radot neaizmirstamu iespaidu un pie\u0161\u0137irot pas\u0101kumam \u012bpa\u0161u v\u0113sturisku dimensiju. Diad\u0113mas izsmalcin\u0101tais dizains un bag\u0101t\u012bg\u0101 v\u0113sture padara to par patiesi karalisku rotu, kas piem\u0113rota vien patiess stila ikonas statusa cien\u012bgam notikumam.<\/p>\n<p>Diad\u0113mas v\u0113sture un simbolika<\/p>\n<p>\u201cOriental Circlet\u201d diad\u0113ma ir ne tikai grezn\u012bbas un bag\u0101t\u012bbas simbols, bet ar\u012b v\u0113st\u012bjums par Lielbrit\u0101nijas un Austrumu kult\u016bru savstarp\u0113jo saikni 19. gadsimt\u0101. \u0160o diad\u0113mu karaliene Viktorija ieguva 1851. gad\u0101, un t\u0101 tika veidota, iedvesmojoties no austrumnieciskajiem mot\u012bviem, demonstr\u0113jot imp\u0113rijas pla\u0161umu un t\u0101s interes\u0113 par eksotiku. Diad\u0113mas darin\u0101\u0161an\u0101 izmantoti v\u0113rt\u012bgi d\u0101rgakme\u0146i, tostarp dimanti un rub\u012bni, kas kop\u0101 veido iespaid\u012bgu un izsmalcin\u0101tu kompoz\u012bciju. \u0160\u012bs diad\u0113mas valk\u0101\u0161ana ir k\u0101 ce\u013cojums laik\u0101, atg\u0101dinot par karalisk\u0101s \u0123imenes bag\u0101to v\u0113sturi un t\u0101s lomu pasaules notikumu veido\u0161an\u0101.<\/p>\n<p>Keitas stila evol\u016bcija un karaliskais protokols<\/p>\n<p>Velsas princese Keita ir paz\u012bstama ar savu apdom\u012bgo un gaum\u012bgo stilu, katru reizi p\u0101rsteidzot ar r\u016bp\u012bgi izv\u0113l\u0113tiem t\u0113rpiem un aksesu\u0101riem. Vi\u0146as garderobe bie\u017ei vien apvieno m\u016bsdienu modi ar karalisk\u0101 protokola pras\u012bb\u0101m, radot harmonisku un elegantu t\u0113lu. \u0160oreiz izv\u0113l\u0113t\u0101 diad\u0113ma nav pirm\u0101, ko Keita likusi galv\u0101 k\u0101 Velsas princese vai hercogiene. Iepriek\u0161 vi\u0146a ir rot\u0101jusies ar cit\u0101m v\u0113rt\u012bg\u0101m diad\u0113m\u0101m, tostarp karalienes Di\u0101nas iem\u012b\u013coto diad\u0113mu, ko vi\u0146a pirmo reizi uzvilka 2015. gad\u0101, un ar\u012b v\u0113l\u0101k, apmekl\u0113jot da\u017e\u0101dus valsts l\u012bme\u0146a pas\u0101kumus. Katra \u0161\u0101da par\u0101d\u012b\u0161an\u0101s publiski ar karalisku diad\u0113mu ir ne tikai modes izpausme, bet ar\u012b strat\u0113\u0123isks solis, kas pastiprina kara\u013cnama presti\u017eu un trad\u012bciju v\u0113rt\u012bbu. Princeses sp\u0113ja apvienot person\u012bgo stilu ar kara\u013cnama v\u0113sturi un simboliku ir viens no vi\u0146as liel\u0101kajiem talantiem.<\/p>\n<p>Vindzoras pils \u2013 v\u0113stures un majest\u0101tes simbols<\/p>\n<p>Vindzoras pils, kas ir viena no vec\u0101kaj\u0101m un visilg\u0101k apdz\u012bvotaj\u0101m pil\u012bm Eirop\u0101, ir bijusi britu monarhu rezidence kop\u0161 11. gadsimta. T\u0101 ne tikai apliecina kara\u013cnama gadsimtiem ilgo v\u0113sturi, bet ar\u012b kalpo k\u0101 majest\u0101tiska norises vieta svar\u012bgiem valsts un starptautiskiem pas\u0101kumiem. Pils arhitekt\u016bra un interjeri atspogu\u013co da\u017e\u0101dus v\u0113stures laikmetus, radot unik\u0101lu atmosf\u0113ru, kas piem\u0113rota gan svin\u012bgiem banketiem, gan diplom\u0101tisk\u0101m tik\u0161an\u0101s reiz\u0113m. Pils nosaukums ir tik sp\u0113c\u012bgs, ka 1917. gad\u0101 karalisk\u0101 \u0123imene pat main\u012bja savas dinastijas v\u0101rdu uz Vindzoras dinastiju, lai atdal\u012btos no V\u0101cijas izcelsmes. \u0160\u0101das vietas izv\u0113le pas\u0101kumam uzsver t\u0101 noz\u012bm\u012bgumu un pie\u0161\u0137ir tam papildu karalisku v\u0113rt\u012bbu.<\/p>\n","protected":false},"excerpt":{"rendered":"Velsas princese Keita ap\u017eilbina ar karalisku grezn\u012bbu Vindzoras pil\u012b Tre\u0161dienas, 3. decembra, vakar\u0101 Vindzoras pils k\u013cuva par greznas&hellip;\n","protected":false},"author":2,"featured_media":66384,"comment_status":"","ping_status":"","sticky":false,"template":"","format":"standard","meta":{"footnotes":""},"categories":[19],"tags":[89,90,17137,4358,35,39,38,36,37,34,40,17138,1640,11552],"class_list":{"0":"post-66383","1":"post","2":"type-post","3":"status-publish","4":"format-standard","5":"has-post-thumbnail","7":"category-izklaide","8":"tag-entertainment","9":"tag-izklaide","10":"tag-karalienes-viktorijas-diadema","11":"tag-keita-midltone","12":"tag-latvia","13":"tag-latvian","14":"tag-latviesu","15":"tag-latviesu-valoda","16":"tag-latviesuvaloda","17":"tag-latvija","18":"tag-lv","19":"tag-oriental-circlet","20":"tag-velsas-princese","21":"tag-vindzoras-pils"},"share_on_mastodon":{"url":"https:\/\/pubeurope.com\/@lv\/115666920655768459","error":""},"_links":{"self":[{"href":"https:\/\/www.europesays.com\/lv\/wp-json\/wp\/v2\/posts\/66383","targetHints":{"allow":["GET"]}}],"collection":[{"href":"https:\/\/www.europesays.com\/lv\/wp-json\/wp\/v2\/posts"}],"about":[{"href":"https:\/\/www.europesays.com\/lv\/wp-json\/wp\/v2\/types\/post"}],"author":[{"embeddable":true,"href":"https:\/\/www.europesays.com\/lv\/wp-json\/wp\/v2\/users\/2"}],"replies":[{"embeddable":true,"href":"https:\/\/www.europesays.com\/lv\/wp-json\/wp\/v2\/comments?post=66383"}],"version-history":[{"count":0,"href":"https:\/\/www.europesays.com\/lv\/wp-json\/wp\/v2\/posts\/66383\/revisions"}],"wp:featuredmedia":[{"embeddable":true,"href":"https:\/\/www.europesays.com\/lv\/wp-json\/wp\/v2\/media\/66384"}],"wp:attachment":[{"href":"https:\/\/www.europesays.com\/lv\/wp-json\/wp\/v2\/media?parent=66383"}],"wp:term":[{"taxonomy":"category","embeddable":true,"href":"https:\/\/www.europesays.com\/lv\/wp-json\/wp\/v2\/categories?post=66383"},{"taxonomy":"post_tag","embeddable":true,"href":"https:\/\/www.europesays.com\/lv\/wp-json\/wp\/v2\/tags?post=66383"}],"curies":[{"name":"wp","href":"https:\/\/api.w.org\/{rel}","templated":true}]}}