{"id":66396,"date":"2025-12-05T12:42:08","date_gmt":"2025-12-05T12:42:08","guid":{"rendered":"https:\/\/www.europesays.com\/lv\/66396\/"},"modified":"2025-12-05T12:42:08","modified_gmt":"2025-12-05T12:42:08","slug":"botai-otra-vieta-naciju-kausa-kamaninu-sporta-tvnet-sports","status":"publish","type":"post","link":"https:\/\/www.europesays.com\/lv\/66396\/","title":{"rendered":"Botai otr\u0101 vieta N\u0101ciju kaus\u0101 kamani\u0146u sport\u0101 &#8211; TVNET Sports"},"content":{"rendered":"<ol>\n<li><a href=\"https:\/\/news.google.com\/rss\/articles\/CBMigwFBVV95cUxPWXRkdkpRR2NjU1NxNi1YZHllUlU1djhlWnRKU1NjclI0RWJpbUtPZEdhUl9vcy1CaEVkRm1PQm4zc21VZkZSdjlFVXoxV0ZtV3FNS1Q4MjE2b0l2b1RvTXpmckZXcGFLMGxXdFIyZXhtOWJpNzBrbTk3NXE5MWJ5MmZ2aw?oc=5\" target=\"_blank\" rel=\"nofollow noopener\">Botai otr\u0101 vieta N\u0101ciju kaus\u0101 kamani\u0146u sport\u0101<\/a>&nbsp;&nbsp;TVNET Sports<\/li>\n<li><a href=\"https:\/\/news.google.com\/rss\/articles\/CBMisgFBVV95cUxNdFFZeE1US24yMmNfamo5amFWcUhnS3RxSHNaYzZrR1FYbHY0cElRbFhUS2sxcUlJc2dGQ194M1hKQ21rQU9pT0ZrcmxpalVabUkzaUQxTFl0a05KMXExZmRRbkw4NjhUb3JrZEJzZFo4Q0Y0ZW5xSVpJSnZXSXp6ZzNjOFhzdUFSTTJWMzUtYi1tTTRDSVdYdDhBS0tKcDVvV2p6cmUzckFpMVBUOXVaQVpn?oc=5\" target=\"_blank\" rel=\"nofollow noopener\">Vinterberg\u0101 ar jaukto p\u0101ru sacens\u012bb\u0101m start\u0113s jaun\u0101 kamani\u0146u sporta sezona<\/a>&nbsp;&nbsp;Jauns.lv<\/li>\n<li><a href=\"https:\/\/news.google.com\/rss\/articles\/CBMi5AFBVV95cUxPeTV2S1JrMkZXaG0wTkJnYjk5VXZndXFLU01OMlJZQVpPc2VUOE40NEN0V2R3RnBUbnBGNUFEQnRBdGtOZlhDSlQyN01EaEM3cXl3YWtSWFVUSlZMLUwzeG1Ic1poZUliMHIwNkgxb1lLOGg0ZGlQWDMyOVExcmJpQnNqOHdTd3BTcGF4VTd6NzY0Z2pxcFNibWZ3b05IREFmUmpENk5oNE5CR3NZaDdNRHBjU2tDNjYwd2NpVmhnNGNrMjl2U2VtUFlwZG5veVBDWk0yNzRLUXRoLUl3VV9xc0x2TWU?oc=5\" target=\"_blank\" rel=\"nofollow noopener\">Kamani\u0146u feder\u0101cija c\u012bn\u0101s par Pasaules kausa posma saglab\u0101\u0161anu Siguld\u0101, skaidr\u012bbas v\u0113l nav<\/a>&nbsp;&nbsp;LSM<\/li>\n<li><a href=\"https:\/\/news.google.com\/rss\/articles\/CBMihwFBVV95cUxPTWdQSjBuanV3ck1VbFpUcFN1R2VlQUlMa2JfLVE3blY0Q3JFcjQ5bDVUTzk4NWl0U0tUR2dpMHhjNl9NNjNZcU1rLWY2WlFydVh4bkt3dEJqeThQeEJfTFRLWTZ5VzNZdk5zTU44dTVMUGtWNFRLOHdBeFZuY0hsM2RlRmJpUUU?oc=5\" target=\"_blank\" rel=\"nofollow noopener\">Starta poz\u012bcijas mai\u0146a<\/a>&nbsp;&nbsp;Diena<\/li>\n<li><a href=\"https:\/\/news.google.com\/rss\/articles\/CBMioAFBVV95cUxPZzZSUnRyZldRazUyWl9rSkI4ZU5UYkxSdkJ4MTlBekNOcmdLMXNWVUd4YUNZUlZDdGpfZ3lUS01sVWg1UE9YN09mR2VIR1QyWnNiTmFBazAxSDM1ckJENkFXQ3RWMXRPeUdqOWhvZDE5TjRGaDVuWDFyVTNkMTNyVndhdEpjNzZhREhvWVJFaHBTbkpVRTFBVV9fMGVWSktL?oc=5\" target=\"_blank\" rel=\"nofollow noopener\">Jaun\u0101 kamani\u0146u sporta sezona \u0161odien Vinterberg\u0101 s\u0101ksies ar jaukto p\u0101ru sacens\u012bb\u0101m \u2013 Ziemas sports<\/a>&nbsp;&nbsp;Sportacentrs.com<\/li>\n<\/ol>\n","protected":false},"excerpt":{"rendered":"Botai otr\u0101 vieta N\u0101ciju kaus\u0101 kamani\u0146u sport\u0101&nbsp;&nbsp;TVNET Sports Vinterberg\u0101 ar jaukto p\u0101ru sacens\u012bb\u0101m start\u0113s jaun\u0101 kamani\u0146u sporta sezona&nbsp;&nbsp;Jauns.lv&hellip;\n","protected":false},"author":2,"featured_media":66397,"comment_status":"","ping_status":"","sticky":false,"template":"","format":"standard","meta":{"footnotes":""},"categories":[17],"tags":[12708,9921,35,39,38,36,37,34,40,67],"class_list":{"0":"post-66396","1":"post","2":"type-post","3":"status-publish","4":"format-standard","5":"has-post-thumbnail","7":"category-sports","8":"tag-elina-ieva-bota","9":"tag-kamaninas","10":"tag-latvia","11":"tag-latvian","12":"tag-latviesu","13":"tag-latviesu-valoda","14":"tag-latviesuvaloda","15":"tag-latvija","16":"tag-lv","17":"tag-sports"},"share_on_mastodon":{"url":"","error":""},"_links":{"self":[{"href":"https:\/\/www.europesays.com\/lv\/wp-json\/wp\/v2\/posts\/66396","targetHints":{"allow":["GET"]}}],"collection":[{"href":"https:\/\/www.europesays.com\/lv\/wp-json\/wp\/v2\/posts"}],"about":[{"href":"https:\/\/www.europesays.com\/lv\/wp-json\/wp\/v2\/types\/post"}],"author":[{"embeddable":true,"href":"https:\/\/www.europesays.com\/lv\/wp-json\/wp\/v2\/users\/2"}],"replies":[{"embeddable":true,"href":"https:\/\/www.europesays.com\/lv\/wp-json\/wp\/v2\/comments?post=66396"}],"version-history":[{"count":0,"href":"https:\/\/www.europesays.com\/lv\/wp-json\/wp\/v2\/posts\/66396\/revisions"}],"wp:featuredmedia":[{"embeddable":true,"href":"https:\/\/www.europesays.com\/lv\/wp-json\/wp\/v2\/media\/66397"}],"wp:attachment":[{"href":"https:\/\/www.europesays.com\/lv\/wp-json\/wp\/v2\/media?parent=66396"}],"wp:term":[{"taxonomy":"category","embeddable":true,"href":"https:\/\/www.europesays.com\/lv\/wp-json\/wp\/v2\/categories?post=66396"},{"taxonomy":"post_tag","embeddable":true,"href":"https:\/\/www.europesays.com\/lv\/wp-json\/wp\/v2\/tags?post=66396"}],"curies":[{"name":"wp","href":"https:\/\/api.w.org\/{rel}","templated":true}]}}