{"id":66402,"date":"2025-12-05T12:48:09","date_gmt":"2025-12-05T12:48:09","guid":{"rendered":"https:\/\/www.europesays.com\/lv\/66402\/"},"modified":"2025-12-05T12:48:09","modified_gmt":"2025-12-05T12:48:09","slug":"panakumiem-bagata-ukrainas-sportiste-izvelas-turpmak-parstavet-krieviju","status":"publish","type":"post","link":"https:\/\/www.europesays.com\/lv\/66402\/","title":{"rendered":"Pan\u0101kumiem bag\u0101ta Ukrainas sportiste izv\u0113las turpm\u0101k p\u0101rst\u0101v\u0113t Krieviju"},"content":{"rendered":"<p>23 gadus vec\u0101 Liskuna p\u0113rn kop\u0101 ar p\u0101rinieci triumf\u0113ja Eiropas \u016bdens sporta veidu \u010dempion\u0101t\u0101 sinhronaj\u0101 dai\u013cl\u0113k\u0161an\u0101 no 10 metru trampl\u012bna.<\/p>\n<p>Ukrainas Dai\u013cl\u0113k\u0161anas feder\u0101cija pazi\u0146ojusi, ka Liskuna par savu l\u0113mumu ieg\u016bt Krievijas pilson\u012bbu nav inform\u0113jusi ne feder\u0101ciju, ne trenerus, ne Ukrainas jaunatnes un sporta ministriju.<\/p>\n<p>Feder\u0101cija paudusi &#8220;dzi\u013cu sa\u0161utumu un stingri nosoda&#8221; sportistes r\u012bc\u012bbu.<\/p>\n<p>&#8220;\u0160\u0101di so\u013ci ir kategoriski nepie\u0146emami, jo tie diskredit\u0113 ne tikai atsevi\u0161\u0137u sportistu, bet ar\u012b visu Ukrainas komandu, kas katru dienu nesavt\u012bgi c\u012bn\u0101s par ties\u012bb\u0101m p\u0101rst\u0101v\u0113t m\u016bsu valsti starptautiskaj\u0101 ar\u0113n\u0101,&#8221; v\u0113st\u012bts feder\u0101cijas pazi\u0146ojum\u0101.<\/p>\n<p>Feder\u0101cijas izpildkomitejas \u0101rk\u0101rtas s\u0113d\u0113 tika pie\u0146emts vienbals\u012bgs l\u0113mums nekav\u0113joties izsl\u0113gt Liskunu no Ukrainas komandas, k\u0101 ar\u012b &#8220;at\u0146emt vi\u0146ai visus titulus un apbalvojumus, kas ieg\u016bti feder\u0101cijas aizg\u0101d\u012bb\u0101&#8221;.<\/p>\n<p>Pie\u0146emts l\u0113mums ar\u012b v\u0113rsties pie starptautiskaj\u0101m sporta instit\u016bcij\u0101m ar pras\u012bbu piem\u0113rot sportistei liegumu tuv\u0101kaj\u0101 laik\u0101 piedal\u012bties sacens\u012bb\u0101s.<\/p>\n<p>Liskuna intervij\u0101 Krievijas laikrakstam &#8220;Izvestia&#8221; nor\u0101d\u012bjusi, ka p\u0113d\u0113jo gadu laik\u0101 vi\u0146a sapratusi, ka pie saviem treneriem Ukrain\u0101 vi\u0146a vairs neatt\u012bst\u0101s.<\/p>\n<p>Kopum\u0101 dai\u013cl\u0113c\u0113jas karjer\u0101 Liskuna ir izc\u012bn\u012bjusi vair\u0101kas meda\u013cas Eiropas \u010dempion\u0101t\u0101 \u016bdens sporta veidos \u2013 divas zelta, \u010detras sudraba un vienu bronzas.<\/p>\n<p>Liskuna p\u0101rst\u0101v\u0113jusi Ukrainu ar\u012b 2020. gada Tokijas un 2024. gada Par\u012bzes olimpiskaj\u0101s sp\u0113l\u0113s.<\/p>\n<p>Kop\u0161 2022. gada febru\u0101ra <a href=\"https:\/\/sports.tvnet.lv\/term\/555452\/krievija\" class=\"topicLink\" target=\"_blank\" rel=\"nofollow noopener\">Krievija<\/a> ar Baltkrievijas atbalstu turpina pilna m\u0113roga karadarb\u012bbu Ukrain\u0101. Daudzos sporta veidos agresoru valstu sportistiem ir liegta dal\u012bba starptautisk\u0101s sacens\u012bb\u0101s.<\/p>\n<p>Starptautisk\u0101 Peld\u0113\u0161anas feder\u0101cija (&#8220;World Aquatics&#8221;) main\u012bjusi noteikumus, \u013caujot komandu sacens\u012bb\u0101s piedal\u012bties neitr\u0101lajiem atl\u0113tiem, par kuriem atz\u012bti vair\u0101ki Krievijas un Baltkrievijas peld\u0113t\u0101ji.<\/p>\n","protected":false},"excerpt":{"rendered":"23 gadus vec\u0101 Liskuna p\u0113rn kop\u0101 ar p\u0101rinieci triumf\u0113ja Eiropas \u016bdens sporta veidu \u010dempion\u0101t\u0101 sinhronaj\u0101 dai\u013cl\u0113k\u0161an\u0101 no 10&hellip;\n","protected":false},"author":2,"featured_media":66403,"comment_status":"","ping_status":"","sticky":false,"template":"","format":"standard","meta":{"footnotes":""},"categories":[17],"tags":[17000,234,35,39,38,36,37,34,40,67,276],"class_list":{"0":"post-66402","1":"post","2":"type-post","3":"status-publish","4":"format-standard","5":"has-post-thumbnail","7":"category-sports","8":"tag-dailleksana","9":"tag-krievija","10":"tag-latvia","11":"tag-latvian","12":"tag-latviesu","13":"tag-latviesu-valoda","14":"tag-latviesuvaloda","15":"tag-latvija","16":"tag-lv","17":"tag-sports","18":"tag-ukraina"},"share_on_mastodon":{"url":"https:\/\/pubeurope.com\/@lv\/115667042514613937","error":""},"_links":{"self":[{"href":"https:\/\/www.europesays.com\/lv\/wp-json\/wp\/v2\/posts\/66402","targetHints":{"allow":["GET"]}}],"collection":[{"href":"https:\/\/www.europesays.com\/lv\/wp-json\/wp\/v2\/posts"}],"about":[{"href":"https:\/\/www.europesays.com\/lv\/wp-json\/wp\/v2\/types\/post"}],"author":[{"embeddable":true,"href":"https:\/\/www.europesays.com\/lv\/wp-json\/wp\/v2\/users\/2"}],"replies":[{"embeddable":true,"href":"https:\/\/www.europesays.com\/lv\/wp-json\/wp\/v2\/comments?post=66402"}],"version-history":[{"count":0,"href":"https:\/\/www.europesays.com\/lv\/wp-json\/wp\/v2\/posts\/66402\/revisions"}],"wp:featuredmedia":[{"embeddable":true,"href":"https:\/\/www.europesays.com\/lv\/wp-json\/wp\/v2\/media\/66403"}],"wp:attachment":[{"href":"https:\/\/www.europesays.com\/lv\/wp-json\/wp\/v2\/media?parent=66402"}],"wp:term":[{"taxonomy":"category","embeddable":true,"href":"https:\/\/www.europesays.com\/lv\/wp-json\/wp\/v2\/categories?post=66402"},{"taxonomy":"post_tag","embeddable":true,"href":"https:\/\/www.europesays.com\/lv\/wp-json\/wp\/v2\/tags?post=66402"}],"curies":[{"name":"wp","href":"https:\/\/api.w.org\/{rel}","templated":true}]}}