{"id":66404,"date":"2025-12-05T12:50:10","date_gmt":"2025-12-05T12:50:10","guid":{"rendered":"https:\/\/www.europesays.com\/lv\/66404\/"},"modified":"2025-12-05T12:50:10","modified_gmt":"2025-12-05T12:50:10","slug":"lietuva-nakamnedel-izsludinas-arkartejo-situaciju-saistiba-ar-kontrabandas-baloniem-no-baltkrievijas-diena","status":"publish","type":"post","link":"https:\/\/www.europesays.com\/lv\/66404\/","title":{"rendered":"Lietuva n\u0101kamned\u0113\u013c izsludin\u0101s \u0101rk\u0101rt\u0113jo situ\u0101ciju saist\u012bb\u0101 ar kontrabandas baloniem no Baltkrievijas \/ Diena"},"content":{"rendered":"<p>&#8220;Lai atvieglotu kop\u012bgo grupu darbu, eksperti ir nol\u0113mu\u0161i, ka \u0101rk\u0101rt\u0113j\u0101 situ\u0101cija \u0161obr\u012bd b\u016btu lab\u0101kais risin\u0101jums. Es ieklausos vi\u0146u viedokl\u012b, t\u0101p\u0113c n\u0101kamned\u0113\u013c m\u0113s izsludin\u0101sim \u0101rk\u0101rt\u0113jo situ\u0101ciju. Ja situ\u0101cija main\u012bsies, m\u0113s neizsl\u0113dzam iesp\u0113ju iet t\u0101l\u0101k,&#8221; piektdien \u017eurn\u0101listiem sac\u012bja Ruginiene, piebilstot, ka notiek atbilsto\u0161a juridisk\u0101 pamata un dokumentu sagatavo\u0161ana.<\/p>\n<p>&#13;<br \/>\n&#13;<\/p>\n<p>Ceturtdien notika da\u017e\u0101du atbild\u012bgo dienestu tehnisk\u0101 l\u012bme\u0146a san\u0101ksme sac\u012bja premjerministre, nor\u0101dot, ka mobilo amatpersonu grupu darbam ir &#8220;lieliski rezult\u0101ti&#8221;.<\/p>\n<p>&#13;<br \/>\n&#13;<\/p>\n<p>&#8220;Katru nakti un ar\u012b \u0161odien mums ir lieliski rezult\u0101ti, atkal tika atrasti 6500 cigare\u0161u paci\u0146as, kas liecina par tie\u0161\u0101m labiem rezult\u0101tiem m\u016bsu c\u012b\u0146\u0101 pret kontrabandu,&#8221; teica Ruginiene.<\/p>\n<p>&#13;<br \/>\n&#13;<\/p>\n<p>Kr\u012b\u017eu p\u0101rvald\u012bbas likums nosaka, ka Lietuv\u0101 valsts l\u012bme\u0146a \u0101rk\u0101rt\u0113jo situ\u0101ciju var izsludin\u0101t, ja \u0101rk\u0101rt\u0113jais notikums atbilst vald\u012bbas noteiktajiem krit\u0113rijiem vismaz div\u0101s pa\u0161vald\u012bb\u0101s vai ja pa\u0161vald\u012bbas l\u012bme\u0146a \u0101rk\u0101rt\u0113j\u0101 situ\u0101cija ilgst ilg\u0101k nek\u0101 gadu vai prasa citu pa\u0161vald\u012bbu resursus.<\/p>\n<p>&#13;<br \/>\n&#13;<\/p>\n<p>Vald\u012bba var noteikt \u0161\u0101du re\u017e\u012bmu vis\u0101 valst\u012b vai t\u0101s da\u013c\u0101.<\/p>\n<p>&#13;<br \/>\n&#13;<\/p>\n<p>Ruginiene piektdien ar Seima frakciju l\u012bderiem apsprieda ar\u012b pas\u0101kumus meteorolo\u0123isko balonu ielido\u0161anas no Baltkrievijas nov\u0113r\u0161anai.<\/p>\n<p>&#13;<br \/>\n&#13;<\/p>\n<p>Tom\u0113r Ruginienes p\u0101rst\u0101v\u0113to soci\u0101ldemokr\u0101tu koal\u012bcijas partneri no Zemnieku un za\u013co savien\u012bbas un Krist\u012bgo \u0123ime\u0146u alianses frakcijas, k\u0101 ar\u012b populistisk\u0101s &#8220;Nemunas r\u012btausmas&#8221; san\u0101ksm\u0113 nepiedal\u012bj\u0101s.<\/p>\n<p>&#13;<br \/>\n&#13;<\/p>\n<p>Ruginiene pateic\u0101s Seima opoz\u012bcijai par &#8220;akt\u012bvo un lieti\u0161\u0137o pieeju, neskatoties uz to, ka publiski mums var b\u016bt at\u0161\u0137ir\u012bgi viedok\u013ci, ta\u010du \u0161odien san\u0101ksm\u0113 mums bija kop\u012bgs viedoklis. M\u0113s turpin\u0101sim regul\u0101ri tikties, pat ja gaisa balonu kr\u012bze tiks kontrol\u0113ta&#8221;.<\/p>\n<p>&#13;<br \/>\n&#13;<\/p>\n<p>Lietuvas Iek\u0161lietu ministrijas dati liecina, ka \u0161ogad valsts gaisa telp\u0101 ir ielidoju\u0161i 599 kontrabandistu gaisa baloni un 197 bezpilota lidapar\u0101ti. Saist\u012bb\u0101 ar to noteikt\u0101 gaisa telpas sl\u0113g\u0161ana uz kopum\u0101 gandr\u012bz 60 stundu ir ietekm\u0113jusi 320 reisu un 47 000 ce\u013cot\u0101ju pl\u0101nus.<\/p>\n<p>&#13;<br \/>\n&#13;<\/p>\n<p>P\u0113d\u0113jo m\u0113ne\u0161u laik\u0101 cigare\u0161u kontrabandistu palaistas meteozondes no Baltkrievijas vair\u0101k nek\u0101 duci rei\u017eu ir trauc\u0113ju\u0161as Vi\u013c\u0146as lidostas darb\u012bbu. Meteozon\u017eu rad\u012bto risku d\u0113\u013c vienreiz tika sl\u0113gta ar\u012b Kau\u0146as lidosta.<\/p>\n<p>&#13;<br \/>\n&#13;<\/p>\n<p>Balonus no Baltkrievijas palai\u017e cigare\u0161u kontrabandisti. Saist\u012bb\u0101 ar to Lietuva oktobra beig\u0101s sl\u0113dza atliku\u0161os divus kontrolpunktus uz robe\u017eas ar Baltkrieviju, ta\u010du 20. novembr\u012b tos atkal atv\u0113ra. Minska nav at\u013c\u0101vusi no savas teritorijas izbraukt kravas automa\u0161\u012bn\u0101m ar Lietuvas re\u0123istr\u0101cijas numura z\u012bm\u0113m. Lietuvas premjerministre Ruginiene pie\u013c\u0101vusi, ka robe\u017ea atkal var\u0113tu tikt sl\u0113gta, ja situ\u0101cija ar kontrabandas baloniem pasliktin\u0101sies.<\/p>\n<p>&#13;<br \/>\n&#13;<\/p>\n<p>Amatpersonas Lietuv\u0101 kontrabandas balonu palai\u0161anu no Baltkrievijas d\u0113v\u0113 par hibr\u012bduzbrukumu.<\/p>\n<p>&#13;<\/p>\n","protected":false},"excerpt":{"rendered":"&#8220;Lai atvieglotu kop\u012bgo grupu darbu, eksperti ir nol\u0113mu\u0161i, ka \u0101rk\u0101rt\u0113j\u0101 situ\u0101cija \u0161obr\u012bd b\u016btu lab\u0101kais risin\u0101jums. Es ieklausos vi\u0146u&hellip;\n","protected":false},"author":2,"featured_media":66405,"comment_status":"","ping_status":"","sticky":false,"template":"","format":"standard","meta":{"footnotes":""},"categories":[14],"tags":[23,57,28,29,32,33,22,30,31,35,39,38,36,37,34,40,20,26,27,24,25,54,55,56,21,58],"class_list":{"0":"post-66404","1":"post","2":"type-post","3":"status-publish","4":"format-standard","5":"has-post-thumbnail","7":"category-zinas-no-arvalstim","8":"tag-aktualitates","9":"tag-arvalstim","10":"tag-breaking-news","11":"tag-breakingnews","12":"tag-featured-news","13":"tag-featurednews","14":"tag-headlines","15":"tag-latest-news","16":"tag-latestnews","17":"tag-latvia","18":"tag-latvian","19":"tag-latviesu","20":"tag-latviesu-valoda","21":"tag-latviesuvaloda","22":"tag-latvija","23":"tag-lv","24":"tag-news","25":"tag-popularakas-zinas","26":"tag-popularakaszinas","27":"tag-top-stories","28":"tag-topstories","29":"tag-world","30":"tag-world-news","31":"tag-worldnews","32":"tag-zinas","33":"tag-zinas-no-arvalstim"},"share_on_mastodon":{"url":"https:\/\/pubeurope.com\/@lv\/115667050368946779","error":""},"_links":{"self":[{"href":"https:\/\/www.europesays.com\/lv\/wp-json\/wp\/v2\/posts\/66404","targetHints":{"allow":["GET"]}}],"collection":[{"href":"https:\/\/www.europesays.com\/lv\/wp-json\/wp\/v2\/posts"}],"about":[{"href":"https:\/\/www.europesays.com\/lv\/wp-json\/wp\/v2\/types\/post"}],"author":[{"embeddable":true,"href":"https:\/\/www.europesays.com\/lv\/wp-json\/wp\/v2\/users\/2"}],"replies":[{"embeddable":true,"href":"https:\/\/www.europesays.com\/lv\/wp-json\/wp\/v2\/comments?post=66404"}],"version-history":[{"count":0,"href":"https:\/\/www.europesays.com\/lv\/wp-json\/wp\/v2\/posts\/66404\/revisions"}],"wp:featuredmedia":[{"embeddable":true,"href":"https:\/\/www.europesays.com\/lv\/wp-json\/wp\/v2\/media\/66405"}],"wp:attachment":[{"href":"https:\/\/www.europesays.com\/lv\/wp-json\/wp\/v2\/media?parent=66404"}],"wp:term":[{"taxonomy":"category","embeddable":true,"href":"https:\/\/www.europesays.com\/lv\/wp-json\/wp\/v2\/categories?post=66404"},{"taxonomy":"post_tag","embeddable":true,"href":"https:\/\/www.europesays.com\/lv\/wp-json\/wp\/v2\/tags?post=66404"}],"curies":[{"name":"wp","href":"https:\/\/api.w.org\/{rel}","templated":true}]}}