{"id":6642,"date":"2025-09-28T01:25:11","date_gmt":"2025-09-28T01:25:11","guid":{"rendered":"https:\/\/www.europesays.com\/lv\/6642\/"},"modified":"2025-09-28T01:25:11","modified_gmt":"2025-09-28T01:25:11","slug":"darzenu-parstrades-uznemumu-kale-latvia-organic-pasludina-par-maksatnespejigu","status":"publish","type":"post","link":"https:\/\/www.europesays.com\/lv\/6642\/","title":{"rendered":"D\u0101rze\u0146u p\u0101rstr\u0101des uz\u0146\u0113mumu &#8220;Kale Latvia Organic&#8221; pasludina par maks\u0101tnesp\u0113j\u012bgu"},"content":{"rendered":"<p>Tiesa l\u0113mumu pasludin\u0101t komp\u0101niju par maks\u0101tnesp\u0113j\u012bgu pie\u0146\u0113musi 9.septembr\u012b. Kreditoru pieteik\u0161an\u0101s termi\u0146\u0161 ir 10.oktobris.<\/p>\n<p>Par &#8220;Kale Latvia Organic&#8221; maks\u0101tnesp\u0113jas administratori iecelta Baiba Abzalona.<\/p>\n<p>Jau zi\u0146ots, ka 2025.gada 10.apr\u012bl\u012b Zemgales rajona tiesa ierosin\u0101ja &#8220;Kale Latvia Organic&#8221; tiesisk\u0101s aizsardz\u012bbas procesa lietu, ta\u010du 13.august\u0101 lieta tika izbeigta, jo tiesisk\u0101s aizsardz\u012bbas procesa pas\u0101kumu pl\u0101nu nebija atbalst\u012bjis Maks\u0101tnesp\u0113jas likum\u0101 noteiktais kreditoru vair\u0101kums.<\/p>\n<p>P\u0113c Valsts ie\u0146\u0113mumu dienesta (VID) datiem, komp\u0101nijai \u0161ogad 23.septembr\u012b bija administr\u0113to nodok\u013cu par\u0101ds 8519 eiro apm\u0113r\u0101. Tom\u0113r VID nevar sniegt prec\u012bzu inform\u0101ciju par nodok\u013cu nomaksas situ\u0101ciju, jo nodok\u013cu maks\u0101t\u0101js nav iesniedzis visas nepiecie\u0161am\u0101s deklar\u0101cijas.<\/p>\n<p>2024.gad\u0101 &#8220;Kale Latvia Organic&#8221; str\u0101d\u0101ja ar 34 083 eiro apgroz\u012bjumu un 327 839 eiro zaud\u0113jumiem, liecina &#8220;Firmas.lv&#8221; inform\u0101cija.<\/p>\n<p>Komp\u0101nija re\u0123istr\u0113ta 2021.gad\u0101, un t\u0101s pamatkapit\u0101ls ir 2800 eiro. Komp\u0101nija pieder Je\u013cenai Solomatinai (60%), Laurai Atelsonei (20%) un Krievijas pilsonei Nat\u0101lijai Sibi\u013cskai (20%).<\/p>\n","protected":false},"excerpt":{"rendered":"Tiesa l\u0113mumu pasludin\u0101t komp\u0101niju par maks\u0101tnesp\u0113j\u012bgu pie\u0146\u0113musi 9.septembr\u012b. Kreditoru pieteik\u0161an\u0101s termi\u0146\u0161 ir 10.oktobris. Par &#8220;Kale Latvia Organic&#8221; maks\u0101tnesp\u0113jas&hellip;\n","protected":false},"author":2,"featured_media":6643,"comment_status":"","ping_status":"","sticky":false,"template":"","format":"standard","meta":{"footnotes":""},"categories":[12],"tags":[23,28,29,2885,32,33,22,30,31,35,39,38,36,37,34,40,2884,20,26,27,24,25,2883,21],"class_list":{"0":"post-6642","1":"post","2":"type-post","3":"status-publish","4":"format-standard","5":"has-post-thumbnail","7":"category-latvija","8":"tag-aktualitates","9":"tag-breaking-news","10":"tag-breakingnews","11":"tag-darzeni","12":"tag-featured-news","13":"tag-featurednews","14":"tag-headlines","15":"tag-latest-news","16":"tag-latestnews","17":"tag-latvia","18":"tag-latvian","19":"tag-latviesu","20":"tag-latviesu-valoda","21":"tag-latviesuvaloda","22":"tag-latvija","23":"tag-lv","24":"tag-maksatnespeja","25":"tag-news","26":"tag-popularakas-zinas","27":"tag-popularakaszinas","28":"tag-top-stories","29":"tag-topstories","30":"tag-uznemums","31":"tag-zinas"},"share_on_mastodon":{"url":"","error":""},"_links":{"self":[{"href":"https:\/\/www.europesays.com\/lv\/wp-json\/wp\/v2\/posts\/6642","targetHints":{"allow":["GET"]}}],"collection":[{"href":"https:\/\/www.europesays.com\/lv\/wp-json\/wp\/v2\/posts"}],"about":[{"href":"https:\/\/www.europesays.com\/lv\/wp-json\/wp\/v2\/types\/post"}],"author":[{"embeddable":true,"href":"https:\/\/www.europesays.com\/lv\/wp-json\/wp\/v2\/users\/2"}],"replies":[{"embeddable":true,"href":"https:\/\/www.europesays.com\/lv\/wp-json\/wp\/v2\/comments?post=6642"}],"version-history":[{"count":0,"href":"https:\/\/www.europesays.com\/lv\/wp-json\/wp\/v2\/posts\/6642\/revisions"}],"wp:featuredmedia":[{"embeddable":true,"href":"https:\/\/www.europesays.com\/lv\/wp-json\/wp\/v2\/media\/6643"}],"wp:attachment":[{"href":"https:\/\/www.europesays.com\/lv\/wp-json\/wp\/v2\/media?parent=6642"}],"wp:term":[{"taxonomy":"category","embeddable":true,"href":"https:\/\/www.europesays.com\/lv\/wp-json\/wp\/v2\/categories?post=6642"},{"taxonomy":"post_tag","embeddable":true,"href":"https:\/\/www.europesays.com\/lv\/wp-json\/wp\/v2\/tags?post=6642"}],"curies":[{"name":"wp","href":"https:\/\/api.w.org\/{rel}","templated":true}]}}