{"id":66420,"date":"2025-12-05T13:01:08","date_gmt":"2025-12-05T13:01:08","guid":{"rendered":"https:\/\/www.europesays.com\/lv\/66420\/"},"modified":"2025-12-05T13:01:08","modified_gmt":"2025-12-05T13:01:08","slug":"krievija-apstajas-simtiem-porsche-kas-noticis","status":"publish","type":"post","link":"https:\/\/www.europesays.com\/lv\/66420\/","title":{"rendered":"Krievij\u0101 apst\u0101jas simtiem Porsche: kas noticis?"},"content":{"rendered":"<p>Krievij\u0101 liels skaits Porsche automobi\u013cu \u012bpa\u0161nieku p\u0113d\u0113jo ned\u0113\u013cu laik\u0101 sask\u0101ru\u0161ies ar d\u012bvainu probl\u0113mu \u2013 automa\u0161\u012bnu vairs nevar iedarbin\u0101t.<\/p>\n<p>K\u0101 zi\u0146o auto jaunumiem velt\u012btie izdevumi, Krievij\u0101 apst\u0101ju\u0161ies \u201csimtiem Porsche automobi\u013cu\u201d, un probl\u0113ma, k\u0101 izr\u0101d\u0101s, nav saist\u012bta ne ar degvielu, ne meh\u0101nisku boj\u0101jumu. Par galveno vaininieku tiek uzskat\u012bta automa\u0161\u012bn\u0101s ieb\u016bv\u0113t\u0101 pretaizdz\u012b\u0161anas un izseko\u0161anas sist\u0113ma VTS (Vehicle Tracking System), kas p\u0113k\u0161\u0146i masveid\u0101 zaud\u0113jusi savienojumu ar satel\u012btu.<\/p>\n<p>VTS, konstat\u0113jot sign\u0101la zudumu, aktiviz\u0113 dro\u0161\u012bbas protokolu, kas atsl\u0113dz degvielas padevi un liedz iedarbin\u0101t auto. Rezult\u0101t\u0101 daudzi Porsche \u2014 neatkar\u012bgi no mode\u013ca un dzin\u0113ja tipa \u2014 vienk\u0101r\u0161i atsak\u0101s darboties. Krievijas d\u012bleri zi\u0146o par strauju servisa piepras\u012bjumu pieaugumu, turkl\u0101t probl\u0113ma sk\u0101rusi visus Porsche mode\u013cus neatkar\u012bgi no piedzi\u0146as veida.<\/p>\n<p>Da\u013cai \u012bpa\u0161nieku izdevies auto atdz\u012bvin\u0101t, restart\u0113jot VTS vai uz laiku atvienojot akumulatoru, ta\u010du risin\u0101jums var b\u016bt \u012bslaic\u012bgs un nav garantijas, ka probl\u0113ma neatk\u0101rtosies. Prec\u012bzs satel\u012bta savienojuma sabrukuma iemesls joproj\u0101m nav zin\u0101ms. Ra\u017eot\u0101js nor\u0101da, ka \u0161\u012b ir Krievijas tirgum paredz\u0113t\u0101s VTS versijas probl\u0113ma, un Porsche AG taj\u0101 neiejaucas, jo uz\u0146\u0113mums iev\u0113ro sankcijas un kop\u0161 2022. gada tirg\u016b vairs nedarbojas.<\/p>\n<p>Rezult\u0101t\u0101 Krievij\u0101 \u0161obr\u012bd st\u0101v simtiem luksusa automobi\u013cu, kuri \u0161\u012bs k\u013c\u016bmes d\u0113\u013c k\u013cuvu\u0161i nelietojami \u2014 un skaidras atbildes, kad probl\u0113ma tiks nov\u0113rsta, pagaid\u0101m nav.<\/p>\n<p>\u00a0<\/p>\n<p>Stingri aizliegts iAuto.lv public\u0113tos materi\u0101lus izmantot, kop\u0113t vai reproduc\u0113t citos interneta port\u0101los, masu inform\u0101cijas l\u012bdzek\u013cos vai k\u0101 cit\u0101di r\u012bkoties ar iAuto.lv public\u0113tajiem materi\u0101liem bez rakstiskas EON SIA at\u013caujas sa\u0146em\u0161anas.<\/p>\n","protected":false},"excerpt":{"rendered":"Krievij\u0101 liels skaits Porsche automobi\u013cu \u012bpa\u0161nieku p\u0113d\u0113jo ned\u0113\u013cu laik\u0101 sask\u0101ru\u0161ies ar d\u012bvainu probl\u0113mu \u2013 automa\u0161\u012bnu vairs nevar iedarbin\u0101t.&hellip;\n","protected":false},"author":2,"featured_media":66421,"comment_status":"","ping_status":"","sticky":false,"template":"","format":"standard","meta":{"footnotes":""},"categories":[16],"tags":[77,76,17150,35,39,38,36,37,34,40],"class_list":{"0":"post-66420","1":"post","2":"type-post","3":"status-publish","4":"format-standard","5":"has-post-thumbnail","7":"category-bizness","8":"tag-bizness","9":"tag-business","10":"tag-krievija-apstajas-simtiem-porsche-kas-noticis","11":"tag-latvia","12":"tag-latvian","13":"tag-latviesu","14":"tag-latviesu-valoda","15":"tag-latviesuvaloda","16":"tag-latvija","17":"tag-lv"},"share_on_mastodon":{"url":"https:\/\/pubeurope.com\/@lv\/115667093693151722","error":""},"_links":{"self":[{"href":"https:\/\/www.europesays.com\/lv\/wp-json\/wp\/v2\/posts\/66420","targetHints":{"allow":["GET"]}}],"collection":[{"href":"https:\/\/www.europesays.com\/lv\/wp-json\/wp\/v2\/posts"}],"about":[{"href":"https:\/\/www.europesays.com\/lv\/wp-json\/wp\/v2\/types\/post"}],"author":[{"embeddable":true,"href":"https:\/\/www.europesays.com\/lv\/wp-json\/wp\/v2\/users\/2"}],"replies":[{"embeddable":true,"href":"https:\/\/www.europesays.com\/lv\/wp-json\/wp\/v2\/comments?post=66420"}],"version-history":[{"count":0,"href":"https:\/\/www.europesays.com\/lv\/wp-json\/wp\/v2\/posts\/66420\/revisions"}],"wp:featuredmedia":[{"embeddable":true,"href":"https:\/\/www.europesays.com\/lv\/wp-json\/wp\/v2\/media\/66421"}],"wp:attachment":[{"href":"https:\/\/www.europesays.com\/lv\/wp-json\/wp\/v2\/media?parent=66420"}],"wp:term":[{"taxonomy":"category","embeddable":true,"href":"https:\/\/www.europesays.com\/lv\/wp-json\/wp\/v2\/categories?post=66420"},{"taxonomy":"post_tag","embeddable":true,"href":"https:\/\/www.europesays.com\/lv\/wp-json\/wp\/v2\/tags?post=66420"}],"curies":[{"name":"wp","href":"https:\/\/api.w.org\/{rel}","templated":true}]}}