{"id":66431,"date":"2025-12-05T13:08:08","date_gmt":"2025-12-05T13:08:08","guid":{"rendered":"https:\/\/www.europesays.com\/lv\/66431\/"},"modified":"2025-12-05T13:08:08","modified_gmt":"2025-12-05T13:08:08","slug":"lietuva-izsludinas-arkartejo-situaciju-saistiba-ar-kontrabandas-baloniem-no-baltkrievijas","status":"publish","type":"post","link":"https:\/\/www.europesays.com\/lv\/66431\/","title":{"rendered":"Lietuva izsludin\u0101s \u0101rk\u0101rt\u0113jo situ\u0101ciju saist\u012bb\u0101 ar kontrabandas baloniem no Baltkrievijas"},"content":{"rendered":"<p>Vald\u012bba var noteikt \u0161\u0101du re\u017e\u012bmu vis\u0101 valst\u012b vai t\u0101s da\u013c\u0101.<\/p>\n<p>Ruginiene piektdien ar Seima frakciju l\u012bderiem apsprieda ar\u012b pas\u0101kumus meteorolo\u0123isko balonu ielido\u0161anas no Baltkrievijas nov\u0113r\u0161anai.<\/p>\n<p>Tom\u0113r Ruginienes p\u0101rst\u0101v\u0113to soci\u0101ldemokr\u0101tu koal\u012bcijas partneri no Zemnieku un za\u013co savien\u012bbas un Krist\u012bgo \u0123ime\u0146u alianses frakcijas, k\u0101 ar\u012b populistisk\u0101s &#8220;Nemunas r\u012btausmas&#8221; san\u0101ksm\u0113 nepiedal\u012bj\u0101s.<\/p>\n<p>Ruginiene pateic\u0101s Seima opoz\u012bcijai par &#8220;akt\u012bvo un lieti\u0161\u0137o pieeju, neskatoties uz to, ka publiski mums var b\u016bt at\u0161\u0137ir\u012bgi viedok\u013ci, ta\u010du \u0161odien san\u0101ksm\u0113 mums bija kop\u012bgs viedoklis. M\u0113s turpin\u0101sim regul\u0101ri tikties, pat ja gaisa balonu kr\u012bze tiks kontrol\u0113ta&#8221;.<\/p>\n<p>Lietuvas Iek\u0161lietu ministrijas dati liecina, ka \u0161ogad valsts gaisa telp\u0101 ir ielidoju\u0161i 599 kontrabandistu gaisa baloni un 197 bezpilota lidapar\u0101ti. Saist\u012bb\u0101 ar to noteikt\u0101 gaisa telpas sl\u0113g\u0161ana uz kopum\u0101 gandr\u012bz 60 stundu ir ietekm\u0113jusi 320 reisu un 47 000 ce\u013cot\u0101ju pl\u0101nus.<\/p>\n<p>P\u0113d\u0113jo m\u0113ne\u0161u laik\u0101 cigare\u0161u kontrabandistu palaistas meteozondes no Baltkrievijas vair\u0101k nek\u0101 duci rei\u017eu ir trauc\u0113ju\u0161as Vi\u013c\u0146as lidostas darb\u012bbu. Meteozon\u017eu rad\u012bto risku d\u0113\u013c vienreiz tika sl\u0113gta ar\u012b Kau\u0146as lidosta.<\/p>\n<p>Balonus no Baltkrievijas palai\u017e cigare\u0161u kontrabandisti. Saist\u012bb\u0101 ar to <a href=\"https:\/\/www.tvnet.lv\/term\/555429\/lietuva\" class=\"topicLink\" target=\"_blank\" rel=\"nofollow noopener\">Lietuva<\/a> oktobra beig\u0101s sl\u0113dza atliku\u0161os divus kontrolpunktus uz robe\u017eas ar Baltkrieviju, ta\u010du 20. novembr\u012b tos atkal atv\u0113ra. Minska nav at\u013c\u0101vusi no savas teritorijas izbraukt kravas automa\u0161\u012bn\u0101m ar Lietuvas re\u0123istr\u0101cijas numura z\u012bm\u0113m. Lietuvas premjerministre Ruginiene pie\u013c\u0101vusi, ka robe\u017ea atkal var\u0113tu tikt sl\u0113gta, ja situ\u0101cija ar kontrabandas baloniem pasliktin\u0101sies.<\/p>\n<p>Amatpersonas Lietuv\u0101 kontrabandas balonu palai\u0161anu no Baltkrievijas d\u0113v\u0113 par hibr\u012bduzbrukumu.<\/p>\n","protected":false},"excerpt":{"rendered":"Vald\u012bba var noteikt \u0161\u0101du re\u017e\u012bmu vis\u0101 valst\u012b vai t\u0101s da\u013c\u0101. Ruginiene piektdien ar Seima frakciju l\u012bderiem apsprieda ar\u012b&hellip;\n","protected":false},"author":2,"featured_media":66432,"comment_status":"","ping_status":"","sticky":false,"template":"","format":"standard","meta":{"footnotes":""},"categories":[14],"tags":[23,57,2416,28,29,32,33,22,1571,30,31,35,39,38,36,37,34,1464,40,20,26,27,24,25,54,55,56,21,58],"class_list":{"0":"post-66431","1":"post","2":"type-post","3":"status-publish","4":"format-standard","5":"has-post-thumbnail","7":"category-zinas-no-arvalstim","8":"tag-aktualitates","9":"tag-arvalstim","10":"tag-baltkrievija","11":"tag-breaking-news","12":"tag-breakingnews","13":"tag-featured-news","14":"tag-featurednews","15":"tag-headlines","16":"tag-hibridkars","17":"tag-latest-news","18":"tag-latestnews","19":"tag-latvia","20":"tag-latvian","21":"tag-latviesu","22":"tag-latviesu-valoda","23":"tag-latviesuvaloda","24":"tag-latvija","25":"tag-lietuva","26":"tag-lv","27":"tag-news","28":"tag-popularakas-zinas","29":"tag-popularakaszinas","30":"tag-top-stories","31":"tag-topstories","32":"tag-world","33":"tag-world-news","34":"tag-worldnews","35":"tag-zinas","36":"tag-zinas-no-arvalstim"},"share_on_mastodon":{"url":"https:\/\/pubeurope.com\/@lv\/115667121148257670","error":""},"_links":{"self":[{"href":"https:\/\/www.europesays.com\/lv\/wp-json\/wp\/v2\/posts\/66431","targetHints":{"allow":["GET"]}}],"collection":[{"href":"https:\/\/www.europesays.com\/lv\/wp-json\/wp\/v2\/posts"}],"about":[{"href":"https:\/\/www.europesays.com\/lv\/wp-json\/wp\/v2\/types\/post"}],"author":[{"embeddable":true,"href":"https:\/\/www.europesays.com\/lv\/wp-json\/wp\/v2\/users\/2"}],"replies":[{"embeddable":true,"href":"https:\/\/www.europesays.com\/lv\/wp-json\/wp\/v2\/comments?post=66431"}],"version-history":[{"count":0,"href":"https:\/\/www.europesays.com\/lv\/wp-json\/wp\/v2\/posts\/66431\/revisions"}],"wp:featuredmedia":[{"embeddable":true,"href":"https:\/\/www.europesays.com\/lv\/wp-json\/wp\/v2\/media\/66432"}],"wp:attachment":[{"href":"https:\/\/www.europesays.com\/lv\/wp-json\/wp\/v2\/media?parent=66431"}],"wp:term":[{"taxonomy":"category","embeddable":true,"href":"https:\/\/www.europesays.com\/lv\/wp-json\/wp\/v2\/categories?post=66431"},{"taxonomy":"post_tag","embeddable":true,"href":"https:\/\/www.europesays.com\/lv\/wp-json\/wp\/v2\/tags?post=66431"}],"curies":[{"name":"wp","href":"https:\/\/api.w.org\/{rel}","templated":true}]}}