{"id":66439,"date":"2025-12-05T13:14:09","date_gmt":"2025-12-05T13:14:09","guid":{"rendered":"https:\/\/www.europesays.com\/lv\/66439\/"},"modified":"2025-12-05T13:14:09","modified_gmt":"2025-12-05T13:14:09","slug":"kauna-brutali-noslepkavotas-divas-jaunas-sievietes-slepkava-joprojam-ir-uz-brivam-kajam","status":"publish","type":"post","link":"https:\/\/www.europesays.com\/lv\/66439\/","title":{"rendered":"Kau\u0146\u0101 brut\u0101li noslepkavotas divas jaunas sievietes; slepkava joproj\u0101m ir uz br\u012bv\u0101m k\u0101j\u0101m"},"content":{"rendered":"<p>Kau\u0146\u0101 ceturtdien nogalin\u0101tas divas jaunas sievietes, kuru dz\u012bvesvietas atrad\u0101s tikai da\u017eu simtu metru att\u0101lum\u0101. Abas cietu\u0161\u0101s atrastas savos dz\u012bvok\u013cos ar vardarb\u012bgas n\u0101ves paz\u012bm\u0113m. Izmekl\u0113t\u0101ji nor\u0101da, ka slepkav\u012bbas biju\u0161as \u012bpa\u0161i brut\u0101las. Policija mekl\u0113 1996. gad\u0101 dzimu\u0161o Benu Mikutavi\u010du, kuru tur aizdom\u0101s par abu noziegumu izdar\u012b\u0161anu.<\/p>\n<p>22 gadus vec\u0101 sieviete tika atrasta dz\u012bvokl\u012b V. Kr\u0113ves prospekt\u0101 ar p\u0101rgrieztu r\u012bkli, vi\u0146u atrada radinieki, kas dev\u0101s p\u0101rbaud\u012bt vai ar sievieti viss k\u0101rt\u012bb\u0101, jo vi\u0146a neatbild\u0113ja uz telefona zvaniem. Da\u017eas stundas v\u0113l\u0101k cit\u0101 dz\u012bvokl\u012b Pramones prospekt\u0101 atrasta 24 gadus vec\u0101 sieviete, ar\u012b ar vardarb\u012bgas n\u0101ves paz\u012bm\u0113m. Policija nor\u0101da, ka abas sievietes viena otru nepazina.<\/p>\n<p>S\u0101kotn\u0113ji likumsargi slepkav\u012bbas neuzskat\u012bja par saist\u012bt\u0101m, ta\u010du piektdien prokurat\u016bra pazi\u0146oja, ka izmekl\u0113\u0161an\u0101 ieg\u016bt\u0101 inform\u0101cija \u013cauj t\u0101s v\u0113rt\u0113t k\u0101 viena cilv\u0113ka izdar\u012btu noziegumu. Abas lietas apvienotas vien\u0101 pirmstiesas izmekl\u0113\u0161an\u0101, un slepkav\u012bbas klasific\u0113tas k\u0101 t\u012b\u0161s un \u012bpa\u0161i brut\u0101ls noziegums. Prokurors Rims Brad\u016bns nor\u0101d\u012bja, ka pirm\u0101 cietus\u012b ir radniec\u012bgi saist\u012bta ar aizdom\u0101s turamo, savuk\u0101rt otr\u0101, iesp\u0113jams, nogalin\u0101ta \u012bres attiec\u012bbu kontekst\u0101.<\/p>\n<p>Mikutavi\u010dus l\u012bdz \u0161im nav non\u0101cis policijas redzeslok\u0101 un mekl\u0113\u0161an\u0101 iesaist\u012bti likumsargi gan Kau\u0146\u0101, gan citos re\u0123ionos. Likumsargi br\u012bdina iedz\u012bvot\u0101jus nem\u0113\u0123in\u0101t aiztur\u0113t v\u012brieti pa\u0161u sp\u0113kiem, jo vi\u0146\u0161 var b\u016bt b\u012bstams.<\/p>\n<p><img decoding=\"async\" src=\"https:\/\/www.europesays.com\/lv\/wp-content\/uploads\/2025\/12\/0c2fc29f1c295455dda4c411b8eb90e6.jpg\" title=\"Foto: Lietuvas Valsts policija facebook\" alt=\"Foto: Lietuvas Valsts policija facebook\"\/><\/p>\n<p class=\"article-img-desc\">Foto: Lietuvas Valsts policija facebook<\/p>\n","protected":false},"excerpt":{"rendered":"Kau\u0146\u0101 ceturtdien nogalin\u0101tas divas jaunas sievietes, kuru dz\u012bvesvietas atrad\u0101s tikai da\u017eu simtu metru att\u0101lum\u0101. Abas cietu\u0161\u0101s atrastas savos&hellip;\n","protected":false},"author":2,"featured_media":66440,"comment_status":"","ping_status":"","sticky":false,"template":"","format":"standard","meta":{"footnotes":""},"categories":[14],"tags":[129,5112,3360,23,57,28,29,32,33,22,30,31,35,39,38,36,37,34,40,20,26,27,3361,5113,3362,5114,24,25,54,55,56,21,58],"class_list":{"0":"post-66439","1":"post","2":"type-post","3":"status-publish","4":"format-standard","5":"has-post-thumbnail","7":"category-zinas-no-arvalstim","8":"tag-__typenameadvicekeyword","9":"tag-id694","10":"tag-id789","11":"tag-aktualitates","12":"tag-arvalstim","13":"tag-breaking-news","14":"tag-breakingnews","15":"tag-featured-news","16":"tag-featurednews","17":"tag-headlines","18":"tag-latest-news","19":"tag-latestnews","20":"tag-latvia","21":"tag-latvian","22":"tag-latviesu","23":"tag-latviesu-valoda","24":"tag-latviesuvaloda","25":"tag-latvija","26":"tag-lv","27":"tag-news","28":"tag-popularakas-zinas","29":"tag-popularakaszinas","30":"tag-sluglietuva","31":"tag-slugslepkaviba","32":"tag-titlelietuva","33":"tag-titleslepkaviba","34":"tag-top-stories","35":"tag-topstories","36":"tag-world","37":"tag-world-news","38":"tag-worldnews","39":"tag-zinas","40":"tag-zinas-no-arvalstim"},"share_on_mastodon":{"url":"","error":"Validation failed: Text character limit of 500 exceeded"},"_links":{"self":[{"href":"https:\/\/www.europesays.com\/lv\/wp-json\/wp\/v2\/posts\/66439","targetHints":{"allow":["GET"]}}],"collection":[{"href":"https:\/\/www.europesays.com\/lv\/wp-json\/wp\/v2\/posts"}],"about":[{"href":"https:\/\/www.europesays.com\/lv\/wp-json\/wp\/v2\/types\/post"}],"author":[{"embeddable":true,"href":"https:\/\/www.europesays.com\/lv\/wp-json\/wp\/v2\/users\/2"}],"replies":[{"embeddable":true,"href":"https:\/\/www.europesays.com\/lv\/wp-json\/wp\/v2\/comments?post=66439"}],"version-history":[{"count":0,"href":"https:\/\/www.europesays.com\/lv\/wp-json\/wp\/v2\/posts\/66439\/revisions"}],"wp:featuredmedia":[{"embeddable":true,"href":"https:\/\/www.europesays.com\/lv\/wp-json\/wp\/v2\/media\/66440"}],"wp:attachment":[{"href":"https:\/\/www.europesays.com\/lv\/wp-json\/wp\/v2\/media?parent=66439"}],"wp:term":[{"taxonomy":"category","embeddable":true,"href":"https:\/\/www.europesays.com\/lv\/wp-json\/wp\/v2\/categories?post=66439"},{"taxonomy":"post_tag","embeddable":true,"href":"https:\/\/www.europesays.com\/lv\/wp-json\/wp\/v2\/tags?post=66439"}],"curies":[{"name":"wp","href":"https:\/\/api.w.org\/{rel}","templated":true}]}}