{"id":66450,"date":"2025-12-05T13:23:25","date_gmt":"2025-12-05T13:23:25","guid":{"rendered":"https:\/\/www.europesays.com\/lv\/66450\/"},"modified":"2025-12-05T13:23:25","modified_gmt":"2025-12-05T13:23:25","slug":"mailija-sairusa-un-makss-morando-saderinajusies-pec-cetriem-kopa-pavaditiem-gadiem-lente-lv","status":"publish","type":"post","link":"https:\/\/www.europesays.com\/lv\/66450\/","title":{"rendered":"Mailija Sairusa un Makss Morando saderin\u0101ju\u0161ies p\u0113c \u010detriem kop\u0101 pavad\u012btiem gadiem\u00a0\u2014\u00a0Lente.lv"},"content":{"rendered":"<p>Miley Cyrus un Maxx Morando saderin\u0101s<\/p>\n<p>Popzvaigzne Mailija Sairusa un m\u016bzi\u0137is Makss Morando ir saderin\u0101ju\u0161ies, apstiprin\u0101jis avots izdevumam People. Zi\u0146as par p\u0101ra saderin\u0101\u0161anos n\u0101k p\u0113c tam, kad vi\u0146i kop\u0101 apmekl\u0113ja pasaules pirmizr\u0101di filmai \u201cAvatar: Fire and Ash\u201d Losand\u017eelos\u0101. Sairusa \u0161aj\u0101 pas\u0101kum\u0101 demonstr\u0113ja ko\u0161u dimanta gredzenu uz kreis\u0101s rokas nosl\u0113pumain\u0101 pirksta, izraisot spekul\u0101cijas.<\/p>\n<p>P\u0101ris, kas kop\u0101 ir pavad\u012bjis apm\u0113ram \u010detrus gadus, savas attiec\u012bbas vienm\u0113r ir centies uztur\u0113t diskr\u0113ti. Vi\u0146i iepazin\u0101s 2021. gad\u0101, un pirm\u0101 publisk\u0101 uzst\u0101\u0161an\u0101s kop\u0101 notika t\u0101 pa\u0161a gada Gucci Love Parade modes skat\u0113. Vi\u0146u romantisk\u0101s attiec\u012bbas k\u013cuva ofici\u0101l\u0101kas 2022. gada mart\u0101, kad p\u0101ris tika paman\u012bts kop\u0101 daudz br\u012bv\u0101k un uz\u0146emts kop\u012bg\u0101s fotogr\u0101fij\u0101s.<\/p>\n<p>Attiec\u012bbu att\u012bst\u012bba un kop\u012bgie mirk\u013ci<\/p>\n<p>Mailijas Sairusas un Maksa Morando ce\u013c\u0161 viens pie otra ir bijis k\u0101 mier\u012bga upe, kas pl\u016bst sav\u0101 gultn\u0113, neskatoties uz pasaules uzman\u012bbu. Lai gan Mailija agr\u0101k bie\u017ei \u013c\u0101va savai m\u016bzikai run\u0101t par vi\u0146as m\u012blas dz\u012bvi, attiec\u012bbas ar Maksu ir k\u013cuvu\u0161as par vienu no stabil\u0101kaj\u0101m noda\u013c\u0101m vi\u0146as st\u0101st\u0101. Vi\u0146u saikne, kas aizs\u0101k\u0101s 2021. gad\u0101, ir piesaist\u012bjusi uzman\u012bbu, \u012bpa\u0161i p\u0113c tam, kad dzied\u0101t\u0101ja s\u0101ka valk\u0101t gredzenu, kas rad\u012bjis daudz runu.<\/p>\n<p>P\u0101ris ir kop\u012bgojis vair\u0101kus noz\u012bm\u012bgus mirk\u013cus, tostarp kop\u012bgu par\u0101d\u012b\u0161anos 2024. gada Grammy balvu pasnieg\u0161anas ceremonij\u0101, kur Sairusa sa\u0146\u0113ma savas pirm\u0101s balvas par dziesmu \u201cFlowers\u201d. \u0160aj\u0101 pas\u0101kum\u0101 vi\u0146a sav\u0101 uzrun\u0101 sirsn\u012bgi pateic\u0101s Morando, nod\u0113v\u0113jot vi\u0146u par savu \u201cm\u012blest\u012bbu\u201d. T\u0101pat p\u0101ris ir kop\u012bgi sadarbojies ar\u012b muzik\u0101li \u2013 Morando piedal\u012bj\u0101s vair\u0101ku dziesmu tap\u0161an\u0101 Mailijas 2023. gada album\u0101 \u201cEndless Summer Vacation\u201d. Vi\u0146a ir ar\u012b ierakst\u012bjusi dziesmu \u201cDream as One\u201d filmai \u201cAvatar: Fire and Ash\u201d, pie kuras produc\u0113\u0161anas Morando ar\u012b piestr\u0101d\u0101jis.<\/p>\n<p>Saderin\u0101\u0161an\u0101s gredzens un n\u0101kotnes pl\u0101ni<\/p>\n<p>Saderin\u0101\u0161an\u0101s gredzens, ko Sairusa demonstr\u0113ja \u201cAvatar: Fire and Ash\u201d pirmizr\u0101d\u0113, ir speci\u0101li darin\u0101ts juvelierizstr\u0101d\u0101jumu dizaineres \u017dakl\u012bnas Ai\u0161es darbs. Tas ir aptuveni \u010detru kar\u0101tu briljants, kas iestiprin\u0101ts plat\u0101, 14 kar\u0101tu zelta josl\u0101. \u0160is iespaid\u012bgais rotaslieta tika paman\u012bta jau novembra vid\u016b, un tas tika atr\u0101d\u012bts ar\u012b fotogr\u0101fij\u0101s no Mailijas 33. dzim\u0161anas dienas svin\u012bb\u0101m.<\/p>\n<p>Lai gan Mailija Sairusa agr\u0101k ir paudusi, ka nav dom\u0101jusi par prec\u0113\u0161anos atk\u0101rtoti p\u0113c \u0161\u0137ir\u0161an\u0101s no Liama Hemsvorta, \u0161\u0137iet, ka Makss Morando ir main\u012bjis vi\u0146as skat\u012bjumu. Viens avots atkl\u0101jis, ka \u201cvi\u0146iem ir \u013coti vesel\u012bgas un priv\u0101tas attiec\u012bbas\u201d, un cits nor\u0101d\u012bjis, ka \u201cklus\u0101 bildin\u0101\u0161ana notika novembra s\u0101kum\u0101\u201d. P\u0101ris turpina savu ce\u013cu kop\u0101, saglab\u0101jot savu romantiku diskr\u0113tu, bet vienlaikus svinot \u0161o jauno posmu sav\u0101 dz\u012bv\u0113.<\/p>\n","protected":false},"excerpt":{"rendered":"Miley Cyrus un Maxx Morando saderin\u0101s Popzvaigzne Mailija Sairusa un m\u016bzi\u0137is Makss Morando ir saderin\u0101ju\u0161ies, apstiprin\u0101jis avots izdevumam&hellip;\n","protected":false},"author":2,"featured_media":66451,"comment_status":"","ping_status":"","sticky":false,"template":"","format":"standard","meta":{"footnotes":""},"categories":[19],"tags":[262,89,90,35,39,38,36,37,34,40,16734,17156,17157,9061],"class_list":{"0":"post-66450","1":"post","2":"type-post","3":"status-publish","4":"format-standard","5":"has-post-thumbnail","7":"category-izklaide","8":"tag-attiecibas","9":"tag-entertainment","10":"tag-izklaide","11":"tag-latvia","12":"tag-latvian","13":"tag-latviesu","14":"tag-latviesu-valoda","15":"tag-latviesuvaloda","16":"tag-latvija","17":"tag-lv","18":"tag-mailija-sairusa","19":"tag-makss-morando","20":"tag-muziki","21":"tag-saderinasanas"},"share_on_mastodon":{"url":"https:\/\/pubeurope.com\/@lv\/115667180139850419","error":""},"_links":{"self":[{"href":"https:\/\/www.europesays.com\/lv\/wp-json\/wp\/v2\/posts\/66450","targetHints":{"allow":["GET"]}}],"collection":[{"href":"https:\/\/www.europesays.com\/lv\/wp-json\/wp\/v2\/posts"}],"about":[{"href":"https:\/\/www.europesays.com\/lv\/wp-json\/wp\/v2\/types\/post"}],"author":[{"embeddable":true,"href":"https:\/\/www.europesays.com\/lv\/wp-json\/wp\/v2\/users\/2"}],"replies":[{"embeddable":true,"href":"https:\/\/www.europesays.com\/lv\/wp-json\/wp\/v2\/comments?post=66450"}],"version-history":[{"count":0,"href":"https:\/\/www.europesays.com\/lv\/wp-json\/wp\/v2\/posts\/66450\/revisions"}],"wp:featuredmedia":[{"embeddable":true,"href":"https:\/\/www.europesays.com\/lv\/wp-json\/wp\/v2\/media\/66451"}],"wp:attachment":[{"href":"https:\/\/www.europesays.com\/lv\/wp-json\/wp\/v2\/media?parent=66450"}],"wp:term":[{"taxonomy":"category","embeddable":true,"href":"https:\/\/www.europesays.com\/lv\/wp-json\/wp\/v2\/categories?post=66450"},{"taxonomy":"post_tag","embeddable":true,"href":"https:\/\/www.europesays.com\/lv\/wp-json\/wp\/v2\/tags?post=66450"}],"curies":[{"name":"wp","href":"https:\/\/api.w.org\/{rel}","templated":true}]}}