{"id":66452,"date":"2025-12-05T13:27:07","date_gmt":"2025-12-05T13:27:07","guid":{"rendered":"https:\/\/www.europesays.com\/lv\/66452\/"},"modified":"2025-12-05T13:27:07","modified_gmt":"2025-12-05T13:27:07","slug":"sestdien-gaisa-temperatura-sasniegs-7-gradus","status":"publish","type":"post","link":"https:\/\/www.europesays.com\/lv\/66452\/","title":{"rendered":"Sestdien gaisa temperat\u016bra sasniegs +7 gr\u0101dus"},"content":{"rendered":"<p>Sestdienas nakt\u012b debesis aizkl\u0101s m\u0101ko\u0146i, palaikam tie atnes\u012bs nelielu lietu. P\u016b\u0161ot l\u0113nam l\u012bdz m\u0113renam dienvidaustrumu v\u0113jam, atsevi\u0161\u0137os re\u0123ionos sabiez\u0113s migla, t\u0101 redzam\u012bbu apgr\u016btin\u0101s ne vien nakt\u012b, bet ar\u012b r\u012bta stund\u0101s. Gaisa temperat\u016bra nakt\u012b b\u016bs +2, +5 gr\u0101di.<\/p>\n<p>R\u012bg\u0101 nakts b\u016bs apm\u0101kusies, palaikam mazliet l\u012bs. P\u016bt\u012bs l\u0113ns dienvidaustrumu v\u0113j\u0161, gaisa temperat\u016bra b\u016bs ap +5 gr\u0101diem.<\/p>\n<p>Sestdiena vis\u0101 valst\u012b turpin\u0101sies apm\u0101cies un pel\u0113c\u012bgs laiks. No dienvidrietumiem visai Latvijai p\u0101ri virz\u012bsies jauna nokri\u0161\u0146u zona, daudzviet atnesot lietu. V\u0113j\u0161 saglab\u0101sies l\u0113ns l\u012bdz m\u0113rens un p\u016bt\u012bs no dienvidaustrumiem.<\/p>\n<p>Gaisa temperat\u016bra dienas laik\u0101 iesils l\u012bdz pat +3, +7 gr\u0101diem.<\/p>\n<p>Ar\u012b R\u012bg\u0101 gaid\u0101ms m\u0101ko\u0146ains un lietains laiks. Temperat\u016bra dien\u0101 b\u016bs t\u0101da pati k\u0101 nakt\u012b &#8211; ap +5 gr\u0101diem.<\/p>\n","protected":false},"excerpt":{"rendered":"Sestdienas nakt\u012b debesis aizkl\u0101s m\u0101ko\u0146i, palaikam tie atnes\u012bs nelielu lietu. P\u016b\u0161ot l\u0113nam l\u012bdz m\u0113renam dienvidaustrumu v\u0113jam, atsevi\u0161\u0137os re\u0123ionos&hellip;\n","protected":false},"author":2,"featured_media":66453,"comment_status":"","ping_status":"","sticky":false,"template":"","format":"standard","meta":{"footnotes":""},"categories":[12],"tags":[23,28,29,32,33,22,1811,396,397,30,31,35,39,38,36,37,34,40,20,26,27,24,25,21],"class_list":{"0":"post-66452","1":"post","2":"type-post","3":"status-publish","4":"format-standard","5":"has-post-thumbnail","7":"category-latvija","8":"tag-aktualitates","9":"tag-breaking-news","10":"tag-breakingnews","11":"tag-featured-news","12":"tag-featurednews","13":"tag-headlines","14":"tag-laika-zina","15":"tag-laika-zinas","16":"tag-laikapstakli","17":"tag-latest-news","18":"tag-latestnews","19":"tag-latvia","20":"tag-latvian","21":"tag-latviesu","22":"tag-latviesu-valoda","23":"tag-latviesuvaloda","24":"tag-latvija","25":"tag-lv","26":"tag-news","27":"tag-popularakas-zinas","28":"tag-popularakaszinas","29":"tag-top-stories","30":"tag-topstories","31":"tag-zinas"},"share_on_mastodon":{"url":"https:\/\/pubeurope.com\/@lv\/115667195976060714","error":""},"_links":{"self":[{"href":"https:\/\/www.europesays.com\/lv\/wp-json\/wp\/v2\/posts\/66452","targetHints":{"allow":["GET"]}}],"collection":[{"href":"https:\/\/www.europesays.com\/lv\/wp-json\/wp\/v2\/posts"}],"about":[{"href":"https:\/\/www.europesays.com\/lv\/wp-json\/wp\/v2\/types\/post"}],"author":[{"embeddable":true,"href":"https:\/\/www.europesays.com\/lv\/wp-json\/wp\/v2\/users\/2"}],"replies":[{"embeddable":true,"href":"https:\/\/www.europesays.com\/lv\/wp-json\/wp\/v2\/comments?post=66452"}],"version-history":[{"count":0,"href":"https:\/\/www.europesays.com\/lv\/wp-json\/wp\/v2\/posts\/66452\/revisions"}],"wp:featuredmedia":[{"embeddable":true,"href":"https:\/\/www.europesays.com\/lv\/wp-json\/wp\/v2\/media\/66453"}],"wp:attachment":[{"href":"https:\/\/www.europesays.com\/lv\/wp-json\/wp\/v2\/media?parent=66452"}],"wp:term":[{"taxonomy":"category","embeddable":true,"href":"https:\/\/www.europesays.com\/lv\/wp-json\/wp\/v2\/categories?post=66452"},{"taxonomy":"post_tag","embeddable":true,"href":"https:\/\/www.europesays.com\/lv\/wp-json\/wp\/v2\/tags?post=66452"}],"curies":[{"name":"wp","href":"https:\/\/api.w.org\/{rel}","templated":true}]}}